{"id":76329,"date":"2022-01-20T11:44:00","date_gmt":"2022-01-20T11:44:00","guid":{"rendered":"https:\/\/www.myes.school\/?p=76329"},"modified":"2022-06-17T10:39:12","modified_gmt":"2022-06-17T08:39:12","slug":"esperienza-zardini-segretario-generale-hellas-verona-fc","status":"publish","type":"post","link":"https:\/\/www.myes.school\/it\/magazine\/lavoro\/esperienza-zardini-segretario-generale-hellas-verona-fc\/","title":{"rendered":"L\u2019esperienza con MyES di Mirco Zardini, Segretario Generale dell\u2019Hellas Verona FC"},"content":{"rendered":"<p>Raggiungere un obiettivo personale grazie a una partnership aziendale? \u00c8 possibile e lo racconta <strong>Mirco Zardini, Segretario Generale dell\u2019Hellas Verona FC,<\/strong> che grazie alla collaborazione, attiva fino alla stagione 2020\/21, fra la societ\u00e0 calcistica e My English School ha raggiunto il livello di inglese che desiderava. Avvalendosi dei corsi tenuti prima in azienda e poi presso la scuola di Verona, Zardini ha apprezzato in prima persona l\u2019esclusivo metodo didattico MyES, la flessibilit\u00e0 oraria e la speciale attenzione riservata agli studenti.<\/p>\n\n<p><b>Ciao Mirco! Raccontaci come \u00e8 andato il corso con MyES e se ha soddisfatto le tue aspettative.<\/b><\/p>\n<p>Il mio \u00e8 stato un approccio particolare. Ho conosciuto MyES grazie alla partnership con l\u2019Hellas Verona: all\u2019inizio della nostra esperienza abbiamo approfittato della possibilit\u00e0 di seguire i corsi direttamente in azienda, questo \u00e8 stato molto funzionale perch\u00e9 mi ha facilitato molto nel seguire le lezioni. Nel calcio, come in molte altre realt\u00e0 aziendali, <span style=\"text-decoration: underline;\">non \u00e8 sempre facile organizzarsi gli orari per seguire i corsi e questa soluzione mi ha aiutato ad iniziare il mio percorso con My English School<\/span>. Successivamente, invece, ci siamo spostati presso la sede di MyES Verona: questo ha favorito il mio apprendimento e la mia crescita.<\/p>\n<p>In generale devo dire che il corso ha soddisfatto pienamente le mie aspettative, tanto che ho voluto implementare il mio rapporto con MyES approfittando delle lezioni private organizzate dalla \u2018scuola\u2019.<\/p>\n<p><b>Che ne pensi del metodo, degli insegnanti e dei contenuti didattici?<\/b><\/p>\n<p>Gli insegnanti sono stati sempre molto cordiali e allo stesso tempo professionali. Ho apprezzato molto anche la <strong>metodologia di insegnamento<\/strong>, ovvero l\u2019alternanza tra lezioni che propongono argomenti generali, che ti premettono di migliorare il lessico e la conoscenza dei vocaboli, e altre dedicate alla grammatica. In questo modo sono migliorato su tutti gli aspetti della lingua. Mi sono trovato davvero bene anche con il <span style=\"text-decoration: underline;\">portale on-line, che ho utilizzato spesso per esercitarmi prima e dopo le lezioni.<\/span><\/p>\n<p>In merito agli insegnanti, vorrei aggiungere che ho apprezzato la volont\u00e0 di lasciare molto spazio a noi \u2018studenti\u2019, facendo in modo che interagissimo tra di noi attraverso lavori a coppie: questo ti permette di superare le insicurezze e ti abitua a rapportarti in un\u2019altra lingua.<\/p>\n<p><b>Cosa hai apprezzato di pi\u00f9?<\/b><\/p>\n<p>Sicuramente la flessibilit\u00e0 di orari e la disponibilit\u00e0 generale di MyES. Anche la <strong>cura dei dettagli e il sostegno agli studenti<\/strong> mi hanno colpito moltissimo: il mio inglese \u00e8 sicuramente migliorato, permettendomi di arrivare al livello che desideravo.<\/p>\n","protected":false},"excerpt":{"rendered":"<p>Raggiungere un obiettivo personale grazie a una partnership aziendale? \u00c8 possibile e lo racconta Mirco Zardini, Segretario Generale dell\u2019Hellas Verona FC, che grazie alla collaborazione, attiva fino alla stagione 2020\/21, fra la societ\u00e0 calcistica e My English School ha raggiunto il livello di inglese che desiderava. Avvalendosi dei corsi tenuti prima in azienda e poi [&hellip;]<\/p>\n","protected":false},"author":11,"featured_media":76532,"comment_status":"closed","ping_status":"open","sticky":false,"template":"","format":"standard","meta":{"_acf_changed":false,"footnotes":""},"categories":[3583],"tags":[],"class_list":["post-76329","post","type-post","status-publish","format-standard","has-post-thumbnail","hentry","category-lavoro"],"acf":[],"yoast_head":"<!-- This site is optimized with the Yoast SEO Premium plugin v26.4 (Yoast SEO v26.4) - https:\/\/yoast.com\/wordpress\/plugins\/seo\/ -->\n<title>L\u2019esperienza MyES di Mirco Zardini, Segretario Generale dell\u2019Hellas Verona FC - MyES<\/title>\n<meta name=\"description\" content=\"Mirco Zardini, Segretario Generale dell\u2019Hellas Verona FC, ha raggiunto il livello di inglese che desiderava grazie alla collaborazione, attiva fino alla stagione 2020\/21, fra la societ\u00e0 calcistica e MyES.\" \/>\n<meta name=\"robots\" content=\"index, follow, max-snippet:-1, max-image-preview:large, max-video-preview:-1\" \/>\n<meta property=\"og:locale\" content=\"it_IT\" \/>\n<meta property=\"og:type\" content=\"article\" \/>\n<meta property=\"og:title\" content=\"L\u2019esperienza con MyES di Mirco Zardini, Segretario Generale dell\u2019Hellas Verona FC\" \/>\n<meta property=\"og:description\" content=\"Mirco Zardini, Segretario Generale dell\u2019Hellas Verona FC, ha raggiunto il livello di inglese che desiderava grazie alla collaborazione, attiva fino alla stagione 2020\/21, fra la societ\u00e0 calcistica e MyES.\" \/>\n<meta property=\"og:url\" content=\"https:\/\/www.myes.school\/it\/magazine\/lavoro\/esperienza-zardini-segretario-generale-hellas-verona-fc\/\" \/>\n<meta property=\"og:site_name\" content=\"My English School\u2122\" \/>\n<meta property=\"article:publisher\" content=\"https:\/\/www.facebook.com\/MyEnglishSchool\" \/>\n<meta property=\"article:published_time\" content=\"2022-01-20T11:44:00+00:00\" \/>\n<meta property=\"article:modified_time\" content=\"2022-06-17T08:39:12+00:00\" \/>\n<meta property=\"og:image\" content=\"https:\/\/www.myes.school\/wp-content\/uploads\/2022\/01\/verona-skyline-picture-id157740142-1.jpg\" \/>\n\t<meta property=\"og:image:width\" content=\"1920\" \/>\n\t<meta property=\"og:image:height\" content=\"1080\" \/>\n\t<meta property=\"og:image:type\" content=\"image\/jpeg\" \/>\n<meta name=\"author\" content=\"Daniele\" \/>\n<meta name=\"twitter:card\" content=\"summary_large_image\" \/>\n<meta name=\"twitter:label1\" content=\"Scritto da\" \/>\n\t<meta name=\"twitter:data1\" content=\"Daniele\" \/>\n\t<meta name=\"twitter:label2\" content=\"Tempo di lettura stimato\" \/>\n\t<meta name=\"twitter:data2\" content=\"2 minuti\" \/>\n<script type=\"application\/ld+json\" class=\"yoast-schema-graph\">{\"@context\":\"https:\/\/schema.org\",\"@graph\":[{\"@type\":\"Article\",\"@id\":\"https:\/\/www.myes.school\/it\/magazine\/lavoro\/esperienza-zardini-segretario-generale-hellas-verona-fc\/#article\",\"isPartOf\":{\"@id\":\"https:\/\/www.myes.school\/it\/magazine\/lavoro\/esperienza-zardini-segretario-generale-hellas-verona-fc\/\"},\"author\":{\"name\":\"Daniele\",\"@id\":\"https:\/\/www.myes.school\/it\/#\/schema\/person\/7bcbebd2738661c730b32a60d254cf44\"},\"headline\":\"L\u2019esperienza con MyES di Mirco Zardini, Segretario Generale dell\u2019Hellas Verona FC\",\"datePublished\":\"2022-01-20T11:44:00+00:00\",\"dateModified\":\"2022-06-17T08:39:12+00:00\",\"mainEntityOfPage\":{\"@id\":\"https:\/\/www.myes.school\/it\/magazine\/lavoro\/esperienza-zardini-segretario-generale-hellas-verona-fc\/\"},\"wordCount\":417,\"publisher\":{\"@id\":\"https:\/\/www.myes.school\/it\/#organization\"},\"image\":{\"@id\":\"https:\/\/www.myes.school\/it\/magazine\/lavoro\/esperienza-zardini-segretario-generale-hellas-verona-fc\/#primaryimage\"},\"thumbnailUrl\":\"https:\/\/www.myes.school\/wp-content\/uploads\/2022\/01\/verona-skyline-picture-id157740142-1.jpg\",\"articleSection\":[\"Lavoro\"],\"inLanguage\":\"it-IT\"},{\"@type\":\"WebPage\",\"@id\":\"https:\/\/www.myes.school\/it\/magazine\/lavoro\/esperienza-zardini-segretario-generale-hellas-verona-fc\/\",\"url\":\"https:\/\/www.myes.school\/it\/magazine\/lavoro\/esperienza-zardini-segretario-generale-hellas-verona-fc\/\",\"name\":\"L\u2019esperienza MyES di Mirco Zardini, Segretario Generale dell\u2019Hellas Verona FC - MyES\",\"isPartOf\":{\"@id\":\"https:\/\/www.myes.school\/it\/#website\"},\"primaryImageOfPage\":{\"@id\":\"https:\/\/www.myes.school\/it\/magazine\/lavoro\/esperienza-zardini-segretario-generale-hellas-verona-fc\/#primaryimage\"},\"image\":{\"@id\":\"https:\/\/www.myes.school\/it\/magazine\/lavoro\/esperienza-zardini-segretario-generale-hellas-verona-fc\/#primaryimage\"},\"thumbnailUrl\":\"https:\/\/www.myes.school\/wp-content\/uploads\/2022\/01\/verona-skyline-picture-id157740142-1.jpg\",\"datePublished\":\"2022-01-20T11:44:00+00:00\",\"dateModified\":\"2022-06-17T08:39:12+00:00\",\"description\":\"Mirco Zardini, Segretario Generale dell\u2019Hellas Verona FC, ha raggiunto il livello di inglese che desiderava grazie alla collaborazione, attiva fino alla stagione 2020\/21, fra la societ\u00e0 calcistica e MyES.\",\"breadcrumb\":{\"@id\":\"https:\/\/www.myes.school\/it\/magazine\/lavoro\/esperienza-zardini-segretario-generale-hellas-verona-fc\/#breadcrumb\"},\"inLanguage\":\"it-IT\",\"potentialAction\":[{\"@type\":\"ReadAction\",\"target\":[\"https:\/\/www.myes.school\/it\/magazine\/lavoro\/esperienza-zardini-segretario-generale-hellas-verona-fc\/\"]}]},{\"@type\":\"ImageObject\",\"inLanguage\":\"it-IT\",\"@id\":\"https:\/\/www.myes.school\/it\/magazine\/lavoro\/esperienza-zardini-segretario-generale-hellas-verona-fc\/#primaryimage\",\"url\":\"https:\/\/www.myes.school\/wp-content\/uploads\/2022\/01\/verona-skyline-picture-id157740142-1.jpg\",\"contentUrl\":\"https:\/\/www.myes.school\/wp-content\/uploads\/2022\/01\/verona-skyline-picture-id157740142-1.jpg\",\"width\":1920,\"height\":1080},{\"@type\":\"BreadcrumbList\",\"@id\":\"https:\/\/www.myes.school\/it\/magazine\/lavoro\/esperienza-zardini-segretario-generale-hellas-verona-fc\/#breadcrumb\",\"itemListElement\":[{\"@type\":\"ListItem\",\"position\":1,\"name\":\"Home\",\"item\":\"https:\/\/www.myes.school\/it\/\"},{\"@type\":\"ListItem\",\"position\":2,\"name\":\"L\u2019esperienza con MyES di Mirco Zardini, Segretario Generale dell\u2019Hellas Verona FC\"}]},{\"@type\":\"WebSite\",\"@id\":\"https:\/\/www.myes.school\/it\/#website\",\"url\":\"https:\/\/www.myes.school\/it\/\",\"name\":\"My English School\u2122\",\"description\":\"\",\"publisher\":{\"@id\":\"https:\/\/www.myes.school\/it\/#organization\"},\"potentialAction\":[{\"@type\":\"SearchAction\",\"target\":{\"@type\":\"EntryPoint\",\"urlTemplate\":\"https:\/\/www.myes.school\/it\/?s={search_term_string}\"},\"query-input\":{\"@type\":\"PropertyValueSpecification\",\"valueRequired\":true,\"valueName\":\"search_term_string\"}}],\"inLanguage\":\"it-IT\"},{\"@type\":\"Organization\",\"@id\":\"https:\/\/www.myes.school\/it\/#organization\",\"name\":\"My English School\u2122\",\"url\":\"https:\/\/www.myes.school\/it\/\",\"logo\":{\"@type\":\"ImageObject\",\"inLanguage\":\"it-IT\",\"@id\":\"https:\/\/www.myes.school\/it\/#\/schema\/logo\/image\/\",\"url\":\"https:\/\/www.myes.school\/wp-content\/uploads\/2023\/12\/Logo-MyES-Square.png\",\"contentUrl\":\"https:\/\/www.myes.school\/wp-content\/uploads\/2023\/12\/Logo-MyES-Square.png\",\"width\":1080,\"height\":1080,\"caption\":\"My English School\u2122\"},\"image\":{\"@id\":\"https:\/\/www.myes.school\/it\/#\/schema\/logo\/image\/\"},\"sameAs\":[\"https:\/\/www.facebook.com\/MyEnglishSchool\"]},{\"@type\":\"Person\",\"@id\":\"https:\/\/www.myes.school\/it\/#\/schema\/person\/7bcbebd2738661c730b32a60d254cf44\",\"name\":\"Daniele\",\"image\":{\"@type\":\"ImageObject\",\"inLanguage\":\"it-IT\",\"@id\":\"https:\/\/www.myes.school\/it\/#\/schema\/person\/image\/\",\"url\":\"https:\/\/secure.gravatar.com\/avatar\/0d4087b6650aae561d81002c3c5cc7e569a05fe50ccbb5e732882f7e03fe4c45?s=96&d=mm&r=g\",\"contentUrl\":\"https:\/\/secure.gravatar.com\/avatar\/0d4087b6650aae561d81002c3c5cc7e569a05fe50ccbb5e732882f7e03fe4c45?s=96&d=mm&r=g\",\"caption\":\"Daniele\"},\"url\":\"https:\/\/www.myes.school\/it\/magazine\/author\/daniele\/\"}]}<\/script>\n<!-- \/ Yoast SEO Premium plugin. -->","yoast_head_json":{"title":"L\u2019esperienza MyES di Mirco Zardini, Segretario Generale dell\u2019Hellas Verona FC - MyES","description":"Mirco Zardini, Segretario Generale dell\u2019Hellas Verona FC, ha raggiunto il livello di inglese che desiderava grazie alla collaborazione, attiva fino alla stagione 2020\/21, fra la societ\u00e0 calcistica e MyES.","robots":{"index":"index","follow":"follow","max-snippet":"max-snippet:-1","max-image-preview":"max-image-preview:large","max-video-preview":"max-video-preview:-1"},"og_locale":"it_IT","og_type":"article","og_title":"L\u2019esperienza con MyES di Mirco Zardini, Segretario Generale dell\u2019Hellas Verona FC","og_description":"Mirco Zardini, Segretario Generale dell\u2019Hellas Verona FC, ha raggiunto il livello di inglese che desiderava grazie alla collaborazione, attiva fino alla stagione 2020\/21, fra la societ\u00e0 calcistica e MyES.","og_url":"https:\/\/www.myes.school\/it\/magazine\/lavoro\/esperienza-zardini-segretario-generale-hellas-verona-fc\/","og_site_name":"My English School\u2122","article_publisher":"https:\/\/www.facebook.com\/MyEnglishSchool","article_published_time":"2022-01-20T11:44:00+00:00","article_modified_time":"2022-06-17T08:39:12+00:00","og_image":[{"width":1920,"height":1080,"url":"https:\/\/www.myes.school\/wp-content\/uploads\/2022\/01\/verona-skyline-picture-id157740142-1.jpg","type":"image\/jpeg"}],"author":"Daniele","twitter_card":"summary_large_image","twitter_misc":{"Scritto da":"Daniele","Tempo di lettura stimato":"2 minuti"},"schema":{"@context":"https:\/\/schema.org","@graph":[{"@type":"Article","@id":"https:\/\/www.myes.school\/it\/magazine\/lavoro\/esperienza-zardini-segretario-generale-hellas-verona-fc\/#article","isPartOf":{"@id":"https:\/\/www.myes.school\/it\/magazine\/lavoro\/esperienza-zardini-segretario-generale-hellas-verona-fc\/"},"author":{"name":"Daniele","@id":"https:\/\/www.myes.school\/it\/#\/schema\/person\/7bcbebd2738661c730b32a60d254cf44"},"headline":"L\u2019esperienza con MyES di Mirco Zardini, Segretario Generale dell\u2019Hellas Verona FC","datePublished":"2022-01-20T11:44:00+00:00","dateModified":"2022-06-17T08:39:12+00:00","mainEntityOfPage":{"@id":"https:\/\/www.myes.school\/it\/magazine\/lavoro\/esperienza-zardini-segretario-generale-hellas-verona-fc\/"},"wordCount":417,"publisher":{"@id":"https:\/\/www.myes.school\/it\/#organization"},"image":{"@id":"https:\/\/www.myes.school\/it\/magazine\/lavoro\/esperienza-zardini-segretario-generale-hellas-verona-fc\/#primaryimage"},"thumbnailUrl":"https:\/\/www.myes.school\/wp-content\/uploads\/2022\/01\/verona-skyline-picture-id157740142-1.jpg","articleSection":["Lavoro"],"inLanguage":"it-IT"},{"@type":"WebPage","@id":"https:\/\/www.myes.school\/it\/magazine\/lavoro\/esperienza-zardini-segretario-generale-hellas-verona-fc\/","url":"https:\/\/www.myes.school\/it\/magazine\/lavoro\/esperienza-zardini-segretario-generale-hellas-verona-fc\/","name":"L\u2019esperienza MyES di Mirco Zardini, Segretario Generale dell\u2019Hellas Verona FC - MyES","isPartOf":{"@id":"https:\/\/www.myes.school\/it\/#website"},"primaryImageOfPage":{"@id":"https:\/\/www.myes.school\/it\/magazine\/lavoro\/esperienza-zardini-segretario-generale-hellas-verona-fc\/#primaryimage"},"image":{"@id":"https:\/\/www.myes.school\/it\/magazine\/lavoro\/esperienza-zardini-segretario-generale-hellas-verona-fc\/#primaryimage"},"thumbnailUrl":"https:\/\/www.myes.school\/wp-content\/uploads\/2022\/01\/verona-skyline-picture-id157740142-1.jpg","datePublished":"2022-01-20T11:44:00+00:00","dateModified":"2022-06-17T08:39:12+00:00","description":"Mirco Zardini, Segretario Generale dell\u2019Hellas Verona FC, ha raggiunto il livello di inglese che desiderava grazie alla collaborazione, attiva fino alla stagione 2020\/21, fra la societ\u00e0 calcistica e MyES.","breadcrumb":{"@id":"https:\/\/www.myes.school\/it\/magazine\/lavoro\/esperienza-zardini-segretario-generale-hellas-verona-fc\/#breadcrumb"},"inLanguage":"it-IT","potentialAction":[{"@type":"ReadAction","target":["https:\/\/www.myes.school\/it\/magazine\/lavoro\/esperienza-zardini-segretario-generale-hellas-verona-fc\/"]}]},{"@type":"ImageObject","inLanguage":"it-IT","@id":"https:\/\/www.myes.school\/it\/magazine\/lavoro\/esperienza-zardini-segretario-generale-hellas-verona-fc\/#primaryimage","url":"https:\/\/www.myes.school\/wp-content\/uploads\/2022\/01\/verona-skyline-picture-id157740142-1.jpg","contentUrl":"https:\/\/www.myes.school\/wp-content\/uploads\/2022\/01\/verona-skyline-picture-id157740142-1.jpg","width":1920,"height":1080},{"@type":"BreadcrumbList","@id":"https:\/\/www.myes.school\/it\/magazine\/lavoro\/esperienza-zardini-segretario-generale-hellas-verona-fc\/#breadcrumb","itemListElement":[{"@type":"ListItem","position":1,"name":"Home","item":"https:\/\/www.myes.school\/it\/"},{"@type":"ListItem","position":2,"name":"L\u2019esperienza con MyES di Mirco Zardini, Segretario Generale dell\u2019Hellas Verona FC"}]},{"@type":"WebSite","@id":"https:\/\/www.myes.school\/it\/#website","url":"https:\/\/www.myes.school\/it\/","name":"My English School\u2122","description":"","publisher":{"@id":"https:\/\/www.myes.school\/it\/#organization"},"potentialAction":[{"@type":"SearchAction","target":{"@type":"EntryPoint","urlTemplate":"https:\/\/www.myes.school\/it\/?s={search_term_string}"},"query-input":{"@type":"PropertyValueSpecification","valueRequired":true,"valueName":"search_term_string"}}],"inLanguage":"it-IT"},{"@type":"Organization","@id":"https:\/\/www.myes.school\/it\/#organization","name":"My English School\u2122","url":"https:\/\/www.myes.school\/it\/","logo":{"@type":"ImageObject","inLanguage":"it-IT","@id":"https:\/\/www.myes.school\/it\/#\/schema\/logo\/image\/","url":"https:\/\/www.myes.school\/wp-content\/uploads\/2023\/12\/Logo-MyES-Square.png","contentUrl":"https:\/\/www.myes.school\/wp-content\/uploads\/2023\/12\/Logo-MyES-Square.png","width":1080,"height":1080,"caption":"My English School\u2122"},"image":{"@id":"https:\/\/www.myes.school\/it\/#\/schema\/logo\/image\/"},"sameAs":["https:\/\/www.facebook.com\/MyEnglishSchool"]},{"@type":"Person","@id":"https:\/\/www.myes.school\/it\/#\/schema\/person\/7bcbebd2738661c730b32a60d254cf44","name":"Daniele","image":{"@type":"ImageObject","inLanguage":"it-IT","@id":"https:\/\/www.myes.school\/it\/#\/schema\/person\/image\/","url":"https:\/\/secure.gravatar.com\/avatar\/0d4087b6650aae561d81002c3c5cc7e569a05fe50ccbb5e732882f7e03fe4c45?s=96&d=mm&r=g","contentUrl":"https:\/\/secure.gravatar.com\/avatar\/0d4087b6650aae561d81002c3c5cc7e569a05fe50ccbb5e732882f7e03fe4c45?s=96&d=mm&r=g","caption":"Daniele"},"url":"https:\/\/www.myes.school\/it\/magazine\/author\/daniele\/"}]}},"_links":{"self":[{"href":"https:\/\/www.myes.school\/it\/wp-json\/wp\/v2\/posts\/76329","targetHints":{"allow":["GET"]}}],"collection":[{"href":"https:\/\/www.myes.school\/it\/wp-json\/wp\/v2\/posts"}],"about":[{"href":"https:\/\/www.myes.school\/it\/wp-json\/wp\/v2\/types\/post"}],"author":[{"embeddable":true,"href":"https:\/\/www.myes.school\/it\/wp-json\/wp\/v2\/users\/11"}],"replies":[{"embeddable":true,"href":"https:\/\/www.myes.school\/it\/wp-json\/wp\/v2\/comments?post=76329"}],"version-history":[{"count":1,"href":"https:\/\/www.myes.school\/it\/wp-json\/wp\/v2\/posts\/76329\/revisions"}],"predecessor-version":[{"id":97110,"href":"https:\/\/www.myes.school\/it\/wp-json\/wp\/v2\/posts\/76329\/revisions\/97110"}],"wp:featuredmedia":[{"embeddable":true,"href":"https:\/\/www.myes.school\/it\/wp-json\/wp\/v2\/media\/76532"}],"wp:attachment":[{"href":"https:\/\/www.myes.school\/it\/wp-json\/wp\/v2\/media?parent=76329"}],"wp:term":[{"taxonomy":"category","embeddable":true,"href":"https:\/\/www.myes.school\/it\/wp-json\/wp\/v2\/categories?post=76329"},{"taxonomy":"post_tag","embeddable":true,"href":"https:\/\/www.myes.school\/it\/wp-json\/wp\/v2\/tags?post=76329"}],"curies":[{"name":"wp","href":"https:\/\/api.w.org\/{rel}","templated":true}]}}