{"id":177682,"date":"2024-11-11T11:00:00","date_gmt":"2024-11-11T10:00:00","guid":{"rendered":"https:\/\/www.myes.school\/?p=177682"},"modified":"2024-11-15T14:07:24","modified_gmt":"2024-11-15T13:07:24","slug":"remembrance-day","status":"publish","type":"post","link":"https:\/\/www.myes.school\/it\/magazine\/tips-e-curiosita\/remembrance-day\/","title":{"rendered":"Remembrance Day: perch\u00e9 si celebra questa ricorrenza nel mondo anglosassone"},"content":{"rendered":"\n<p>Ogni 11 Novembre si onora la<strong> <\/strong>Giornata della Memoria, o meglio <em>Remembrance Day<\/em>, la ricorrenza che celebra i caduti in guerra e in particolare durante la Prima e la Seconda Guerra Mondiale. Sebbene questa giornata sia pi\u00f9 conosciuta nel Regno Unito e in altri Paesi del Commonwealth, esiste anche negli USA con il nome di <em>Veterans Day.\u00a0<\/em><\/p>\n\n\n\n<h2 class=\"wp-block-heading\">Perch\u00e9 l&#8217;11 novembre si celebra il Remembrance Day?<\/h2>\n\n\n\n<p>La scelta della data dell&#8217;11 novembre per il Remembrance Day non \u00e8 casuale. Questo giorno segna l&#8217;anniversario dell&#8217;armistizio o <em>ceasefire <\/em>(l&#8217;accordo di cessazione delle ostilit\u00e0) tra le forze alleate e la Germania, che ha posto fine alla Prima Guerra Mondiale nel 1918. <strong>L&#8217;11 novembre, alle 11:00 del mattino, i soldati hanno infatti deposto le armi <\/strong>e il conflitto si \u00e8 ufficialmente concluso. Per questo motivo, <strong>il giorno \u00e8 diventato simbolo di pace e di ricordo<\/strong> (da cui appunto la parola <em>remembrance<\/em>) per tutte le persone che hanno perso la vita nelle guerre.<\/p>\n\n\n\n<p>Va detto che in UK, a dire il vero, la celebrazione del Remembrance Day non \u00e8 sempre esattamente l\u201911 Novembre, ma si fa cadere la domenica pi\u00f9 vicina all&#8217;11 novembre. In questa giornata, la <em>Royal British Legion<\/em>, un&#8217;associazione che supporta i veterani di guerra e le loro famiglie, organizza eventi di commemorazione in tutto il paese. Durante la cerimonia principale, che si svolge a Whitehall, a Londra, i membri della <em>royal family<\/em>, i politici e i militari rendono omaggio ai caduti con un minuto di silenzio e la deposizione di <strong><em>wreath of poppies<\/em> <\/strong>(non <em>crown<\/em>!). Il papavero rosso (<em>poppy<\/em>), simbolo di memoria, \u00e8 indossato da molte persone durante questa settimana per ricordare le vittime di guerra.<\/p>\n\n\n\n<h2 class=\"wp-block-heading\">Il Remembrance Day americano: Veterans Day<\/h2>\n\n\n\n<p>Negli Stati Uniti, <strong>l&#8217;11 novembre \u00e8 invece conosciuto come <em>Veterans Day,<\/em> una giornata in cui si celebra il servizio dei <em>veterans<\/em><\/strong> (soldati che hanno prestato servizio nelle forze armate). A differenza della <em>Memorial Day<\/em> (che onora i soldati americani caduti in battaglia e viene celebrata l\u2019ultimo luned\u00ec di Maggio), il <em>Veterans Day<\/em> \u00e8 un momento per ringraziare tutti coloro che servono o hanno servito nelle forze armate americane. Le cerimonie si svolgono in tutto il paese, ma la cerimonia pi\u00f9 importante si tiene al Cimitero Militare di Arlington, dove il presidente degli Stati Uniti depone una corona sulla tomba di un milite ignoto (detto the \u201c<em>unknown soldier<\/em>\u201d).<\/p>\n\n\n\n<h2 class=\"wp-block-heading\">Perch\u00e9 il Remembrance Day \u00e8 importante?<\/h2>\n\n\n\n<p>Stai frequentando delle <a href=\"https:\/\/www.myes.school\/it\/corso-inglese-online\/\" target=\"_blank\" rel=\"noreferrer noopener\">lezioni online in inglese<\/a> e ti stai chiedendo perch\u00e9 \u00e8 importante conoscere il Remembrance Day? Queste ricorrenze offrono alle nuove e vecchie generazioni un&#8217;opportunit\u00e0 per riflettere sul sacrificio di chi ha combattuto per la libert\u00e0 e la pace. Non a caso, sono davvero tanti i riferimenti che possiamo trovare nella letteratura, musica e cinema anglosassoni in loro memoria. Una delle poesie pi\u00f9 iconiche legate al Giorno della Memoria \u00e8 <strong><em>\u201cIn Flanders Fields<\/em>\u201d di John McCrae<\/strong>, allora medico canadese in servizio durante la Prima Guerra Mondiale. Fu ispirata dalla vista dei papaveri che crescevano tra le tombe dei soldati in Flandria, in Belgio:<\/p>\n\n\n\n<p class=\"has-text-align-center\"><em>In Flanders fields the poppies blow, Between the crosses, row on row&#8230;&#8221;<\/em>&nbsp;<\/p>\n\n\n\n<p class=\"has-text-align-center has-small-font-size\">(Nei campi delle Fiandre i papaveri fioriscono, tra le croci, fila dopo fila&#8230;)<\/p>\n\n\n\n<p>In un mondo che a volte sembra sempre pi\u00f9 diviso, il Remembrance Day ci aiuta a onorare le vite perse e a celebrare l&#8217;importanza della pace e della solidariet\u00e0 indipendentemente dal paese in cui viviamo.<\/p>\n\n\n\n<p><em>Alexandra P. &#8211; Teacher<\/em><\/p>\n","protected":false},"excerpt":{"rendered":"<p>Ogni 11 Novembre si onora la Giornata della Memoria, o meglio Remembrance Day, la ricorrenza che celebra i caduti in guerra e in particolare durante la Prima e la Seconda Guerra Mondiale. Sebbene questa giornata sia pi\u00f9 conosciuta nel Regno Unito e in altri Paesi del Commonwealth, esiste anche negli USA con il nome di [&hellip;]<\/p>\n","protected":false},"author":28,"featured_media":177689,"comment_status":"open","ping_status":"open","sticky":false,"template":"","format":"standard","meta":{"_acf_changed":false,"footnotes":""},"categories":[3662],"tags":[],"class_list":["post-177682","post","type-post","status-publish","format-standard","has-post-thumbnail","hentry","category-tips-e-curiosita"],"acf":[],"yoast_head":"<!-- This site is optimized with the Yoast SEO Premium plugin v26.4 (Yoast SEO v26.4) - https:\/\/yoast.com\/wordpress\/plugins\/seo\/ -->\n<title>Remembrance Day: perch\u00e9 si celebra nel mondo anglosassone - MyES<\/title>\n<meta name=\"robots\" content=\"index, follow, max-snippet:-1, max-image-preview:large, max-video-preview:-1\" \/>\n<meta property=\"og:locale\" content=\"it_IT\" \/>\n<meta property=\"og:type\" content=\"article\" \/>\n<meta property=\"og:title\" content=\"Remembrance Day: perch\u00e9 si celebra questa ricorrenza nel mondo anglosassone\" \/>\n<meta property=\"og:description\" content=\"Ogni 11 Novembre si onora la Giornata della Memoria, o meglio Remembrance Day, la ricorrenza che celebra i caduti in guerra e in particolare durante la Prima e la Seconda Guerra Mondiale. Sebbene questa giornata sia pi\u00f9 conosciuta nel Regno Unito e in altri Paesi del Commonwealth, esiste anche negli USA con il nome di [&hellip;]\" \/>\n<meta property=\"og:url\" content=\"https:\/\/www.myes.school\/it\/magazine\/tips-e-curiosita\/remembrance-day\/\" \/>\n<meta property=\"og:site_name\" content=\"My English School\u2122\" \/>\n<meta property=\"article:publisher\" content=\"https:\/\/www.facebook.com\/MyEnglishSchool\" \/>\n<meta property=\"article:published_time\" content=\"2024-11-11T10:00:00+00:00\" \/>\n<meta property=\"article:modified_time\" content=\"2024-11-15T13:07:24+00:00\" \/>\n<meta property=\"og:image\" content=\"https:\/\/www.myes.school\/wp-content\/uploads\/2024\/11\/iStock-1406487958-modified-4b562e3c-cae4-4751-bdf7-843d470d3e1c.jpg\" \/>\n\t<meta property=\"og:image:width\" content=\"1253\" \/>\n\t<meta property=\"og:image:height\" content=\"705\" \/>\n\t<meta property=\"og:image:type\" content=\"image\/jpeg\" \/>\n<meta name=\"author\" content=\"Teacher\" \/>\n<meta name=\"twitter:card\" content=\"summary_large_image\" \/>\n<meta name=\"twitter:label1\" content=\"Scritto da\" \/>\n\t<meta name=\"twitter:data1\" content=\"Teacher\" \/>\n\t<meta name=\"twitter:label2\" content=\"Tempo di lettura stimato\" \/>\n\t<meta name=\"twitter:data2\" content=\"3 minuti\" \/>\n<script type=\"application\/ld+json\" class=\"yoast-schema-graph\">{\"@context\":\"https:\/\/schema.org\",\"@graph\":[{\"@type\":\"Article\",\"@id\":\"https:\/\/www.myes.school\/it\/magazine\/tips-e-curiosita\/remembrance-day\/#article\",\"isPartOf\":{\"@id\":\"https:\/\/www.myes.school\/it\/magazine\/tips-e-curiosita\/remembrance-day\/\"},\"author\":{\"name\":\"Teacher\",\"@id\":\"https:\/\/www.myes.school\/it\/#\/schema\/person\/21b0b7bcbfdc00dc37f5e53f4f350448\"},\"headline\":\"Remembrance Day: perch\u00e9 si celebra questa ricorrenza nel mondo anglosassone\",\"datePublished\":\"2024-11-11T10:00:00+00:00\",\"dateModified\":\"2024-11-15T13:07:24+00:00\",\"mainEntityOfPage\":{\"@id\":\"https:\/\/www.myes.school\/it\/magazine\/tips-e-curiosita\/remembrance-day\/\"},\"wordCount\":560,\"commentCount\":0,\"publisher\":{\"@id\":\"https:\/\/www.myes.school\/it\/#organization\"},\"image\":{\"@id\":\"https:\/\/www.myes.school\/it\/magazine\/tips-e-curiosita\/remembrance-day\/#primaryimage\"},\"thumbnailUrl\":\"https:\/\/www.myes.school\/wp-content\/uploads\/2024\/11\/iStock-1406487958-modified-4b562e3c-cae4-4751-bdf7-843d470d3e1c.jpg\",\"articleSection\":[\"Tips e Curiosit\u00e0\"],\"inLanguage\":\"it-IT\",\"potentialAction\":[{\"@type\":\"CommentAction\",\"name\":\"Comment\",\"target\":[\"https:\/\/www.myes.school\/it\/magazine\/tips-e-curiosita\/remembrance-day\/#respond\"]}]},{\"@type\":\"WebPage\",\"@id\":\"https:\/\/www.myes.school\/it\/magazine\/tips-e-curiosita\/remembrance-day\/\",\"url\":\"https:\/\/www.myes.school\/it\/magazine\/tips-e-curiosita\/remembrance-day\/\",\"name\":\"Remembrance Day: perch\u00e9 si celebra nel mondo anglosassone - MyES\",\"isPartOf\":{\"@id\":\"https:\/\/www.myes.school\/it\/#website\"},\"primaryImageOfPage\":{\"@id\":\"https:\/\/www.myes.school\/it\/magazine\/tips-e-curiosita\/remembrance-day\/#primaryimage\"},\"image\":{\"@id\":\"https:\/\/www.myes.school\/it\/magazine\/tips-e-curiosita\/remembrance-day\/#primaryimage\"},\"thumbnailUrl\":\"https:\/\/www.myes.school\/wp-content\/uploads\/2024\/11\/iStock-1406487958-modified-4b562e3c-cae4-4751-bdf7-843d470d3e1c.jpg\",\"datePublished\":\"2024-11-11T10:00:00+00:00\",\"dateModified\":\"2024-11-15T13:07:24+00:00\",\"breadcrumb\":{\"@id\":\"https:\/\/www.myes.school\/it\/magazine\/tips-e-curiosita\/remembrance-day\/#breadcrumb\"},\"inLanguage\":\"it-IT\",\"potentialAction\":[{\"@type\":\"ReadAction\",\"target\":[\"https:\/\/www.myes.school\/it\/magazine\/tips-e-curiosita\/remembrance-day\/\"]}]},{\"@type\":\"ImageObject\",\"inLanguage\":\"it-IT\",\"@id\":\"https:\/\/www.myes.school\/it\/magazine\/tips-e-curiosita\/remembrance-day\/#primaryimage\",\"url\":\"https:\/\/www.myes.school\/wp-content\/uploads\/2024\/11\/iStock-1406487958-modified-4b562e3c-cae4-4751-bdf7-843d470d3e1c.jpg\",\"contentUrl\":\"https:\/\/www.myes.school\/wp-content\/uploads\/2024\/11\/iStock-1406487958-modified-4b562e3c-cae4-4751-bdf7-843d470d3e1c.jpg\",\"width\":1253,\"height\":705,\"caption\":\"Poppies field on a sunny summers day.\"},{\"@type\":\"BreadcrumbList\",\"@id\":\"https:\/\/www.myes.school\/it\/magazine\/tips-e-curiosita\/remembrance-day\/#breadcrumb\",\"itemListElement\":[{\"@type\":\"ListItem\",\"position\":1,\"name\":\"Home\",\"item\":\"https:\/\/www.myes.school\/it\/\"},{\"@type\":\"ListItem\",\"position\":2,\"name\":\"Remembrance Day: perch\u00e9 si celebra questa ricorrenza nel mondo anglosassone\"}]},{\"@type\":\"WebSite\",\"@id\":\"https:\/\/www.myes.school\/it\/#website\",\"url\":\"https:\/\/www.myes.school\/it\/\",\"name\":\"My English School\u2122\",\"description\":\"\",\"publisher\":{\"@id\":\"https:\/\/www.myes.school\/it\/#organization\"},\"potentialAction\":[{\"@type\":\"SearchAction\",\"target\":{\"@type\":\"EntryPoint\",\"urlTemplate\":\"https:\/\/www.myes.school\/it\/?s={search_term_string}\"},\"query-input\":{\"@type\":\"PropertyValueSpecification\",\"valueRequired\":true,\"valueName\":\"search_term_string\"}}],\"inLanguage\":\"it-IT\"},{\"@type\":\"Organization\",\"@id\":\"https:\/\/www.myes.school\/it\/#organization\",\"name\":\"My English School\u2122\",\"url\":\"https:\/\/www.myes.school\/it\/\",\"logo\":{\"@type\":\"ImageObject\",\"inLanguage\":\"it-IT\",\"@id\":\"https:\/\/www.myes.school\/it\/#\/schema\/logo\/image\/\",\"url\":\"https:\/\/www.myes.school\/wp-content\/uploads\/2023\/12\/Logo-MyES-Square.png\",\"contentUrl\":\"https:\/\/www.myes.school\/wp-content\/uploads\/2023\/12\/Logo-MyES-Square.png\",\"width\":1080,\"height\":1080,\"caption\":\"My English School\u2122\"},\"image\":{\"@id\":\"https:\/\/www.myes.school\/it\/#\/schema\/logo\/image\/\"},\"sameAs\":[\"https:\/\/www.facebook.com\/MyEnglishSchool\"]},{\"@type\":\"Person\",\"@id\":\"https:\/\/www.myes.school\/it\/#\/schema\/person\/21b0b7bcbfdc00dc37f5e53f4f350448\",\"name\":\"Teacher\",\"image\":{\"@type\":\"ImageObject\",\"inLanguage\":\"it-IT\",\"@id\":\"https:\/\/www.myes.school\/it\/#\/schema\/person\/image\/\",\"url\":\"https:\/\/secure.gravatar.com\/avatar\/662dd81f9a5c257c1af2e1c1c5c24f43f039f8abdc947b3374446ee0684cecc3?s=96&d=mm&r=g\",\"contentUrl\":\"https:\/\/secure.gravatar.com\/avatar\/662dd81f9a5c257c1af2e1c1c5c24f43f039f8abdc947b3374446ee0684cecc3?s=96&d=mm&r=g\",\"caption\":\"Teacher\"},\"url\":\"https:\/\/www.myes.school\/it\/magazine\/author\/teacher\/\"}]}<\/script>\n<!-- \/ Yoast SEO Premium plugin. -->","yoast_head_json":{"title":"Remembrance Day: perch\u00e9 si celebra nel mondo anglosassone - MyES","robots":{"index":"index","follow":"follow","max-snippet":"max-snippet:-1","max-image-preview":"max-image-preview:large","max-video-preview":"max-video-preview:-1"},"og_locale":"it_IT","og_type":"article","og_title":"Remembrance Day: perch\u00e9 si celebra questa ricorrenza nel mondo anglosassone","og_description":"Ogni 11 Novembre si onora la Giornata della Memoria, o meglio Remembrance Day, la ricorrenza che celebra i caduti in guerra e in particolare durante la Prima e la Seconda Guerra Mondiale. Sebbene questa giornata sia pi\u00f9 conosciuta nel Regno Unito e in altri Paesi del Commonwealth, esiste anche negli USA con il nome di [&hellip;]","og_url":"https:\/\/www.myes.school\/it\/magazine\/tips-e-curiosita\/remembrance-day\/","og_site_name":"My English School\u2122","article_publisher":"https:\/\/www.facebook.com\/MyEnglishSchool","article_published_time":"2024-11-11T10:00:00+00:00","article_modified_time":"2024-11-15T13:07:24+00:00","og_image":[{"width":1253,"height":705,"url":"https:\/\/www.myes.school\/wp-content\/uploads\/2024\/11\/iStock-1406487958-modified-4b562e3c-cae4-4751-bdf7-843d470d3e1c.jpg","type":"image\/jpeg"}],"author":"Teacher","twitter_card":"summary_large_image","twitter_misc":{"Scritto da":"Teacher","Tempo di lettura stimato":"3 minuti"},"schema":{"@context":"https:\/\/schema.org","@graph":[{"@type":"Article","@id":"https:\/\/www.myes.school\/it\/magazine\/tips-e-curiosita\/remembrance-day\/#article","isPartOf":{"@id":"https:\/\/www.myes.school\/it\/magazine\/tips-e-curiosita\/remembrance-day\/"},"author":{"name":"Teacher","@id":"https:\/\/www.myes.school\/it\/#\/schema\/person\/21b0b7bcbfdc00dc37f5e53f4f350448"},"headline":"Remembrance Day: perch\u00e9 si celebra questa ricorrenza nel mondo anglosassone","datePublished":"2024-11-11T10:00:00+00:00","dateModified":"2024-11-15T13:07:24+00:00","mainEntityOfPage":{"@id":"https:\/\/www.myes.school\/it\/magazine\/tips-e-curiosita\/remembrance-day\/"},"wordCount":560,"commentCount":0,"publisher":{"@id":"https:\/\/www.myes.school\/it\/#organization"},"image":{"@id":"https:\/\/www.myes.school\/it\/magazine\/tips-e-curiosita\/remembrance-day\/#primaryimage"},"thumbnailUrl":"https:\/\/www.myes.school\/wp-content\/uploads\/2024\/11\/iStock-1406487958-modified-4b562e3c-cae4-4751-bdf7-843d470d3e1c.jpg","articleSection":["Tips e Curiosit\u00e0"],"inLanguage":"it-IT","potentialAction":[{"@type":"CommentAction","name":"Comment","target":["https:\/\/www.myes.school\/it\/magazine\/tips-e-curiosita\/remembrance-day\/#respond"]}]},{"@type":"WebPage","@id":"https:\/\/www.myes.school\/it\/magazine\/tips-e-curiosita\/remembrance-day\/","url":"https:\/\/www.myes.school\/it\/magazine\/tips-e-curiosita\/remembrance-day\/","name":"Remembrance Day: perch\u00e9 si celebra nel mondo anglosassone - MyES","isPartOf":{"@id":"https:\/\/www.myes.school\/it\/#website"},"primaryImageOfPage":{"@id":"https:\/\/www.myes.school\/it\/magazine\/tips-e-curiosita\/remembrance-day\/#primaryimage"},"image":{"@id":"https:\/\/www.myes.school\/it\/magazine\/tips-e-curiosita\/remembrance-day\/#primaryimage"},"thumbnailUrl":"https:\/\/www.myes.school\/wp-content\/uploads\/2024\/11\/iStock-1406487958-modified-4b562e3c-cae4-4751-bdf7-843d470d3e1c.jpg","datePublished":"2024-11-11T10:00:00+00:00","dateModified":"2024-11-15T13:07:24+00:00","breadcrumb":{"@id":"https:\/\/www.myes.school\/it\/magazine\/tips-e-curiosita\/remembrance-day\/#breadcrumb"},"inLanguage":"it-IT","potentialAction":[{"@type":"ReadAction","target":["https:\/\/www.myes.school\/it\/magazine\/tips-e-curiosita\/remembrance-day\/"]}]},{"@type":"ImageObject","inLanguage":"it-IT","@id":"https:\/\/www.myes.school\/it\/magazine\/tips-e-curiosita\/remembrance-day\/#primaryimage","url":"https:\/\/www.myes.school\/wp-content\/uploads\/2024\/11\/iStock-1406487958-modified-4b562e3c-cae4-4751-bdf7-843d470d3e1c.jpg","contentUrl":"https:\/\/www.myes.school\/wp-content\/uploads\/2024\/11\/iStock-1406487958-modified-4b562e3c-cae4-4751-bdf7-843d470d3e1c.jpg","width":1253,"height":705,"caption":"Poppies field on a sunny summers day."},{"@type":"BreadcrumbList","@id":"https:\/\/www.myes.school\/it\/magazine\/tips-e-curiosita\/remembrance-day\/#breadcrumb","itemListElement":[{"@type":"ListItem","position":1,"name":"Home","item":"https:\/\/www.myes.school\/it\/"},{"@type":"ListItem","position":2,"name":"Remembrance Day: perch\u00e9 si celebra questa ricorrenza nel mondo anglosassone"}]},{"@type":"WebSite","@id":"https:\/\/www.myes.school\/it\/#website","url":"https:\/\/www.myes.school\/it\/","name":"My English School\u2122","description":"","publisher":{"@id":"https:\/\/www.myes.school\/it\/#organization"},"potentialAction":[{"@type":"SearchAction","target":{"@type":"EntryPoint","urlTemplate":"https:\/\/www.myes.school\/it\/?s={search_term_string}"},"query-input":{"@type":"PropertyValueSpecification","valueRequired":true,"valueName":"search_term_string"}}],"inLanguage":"it-IT"},{"@type":"Organization","@id":"https:\/\/www.myes.school\/it\/#organization","name":"My English School\u2122","url":"https:\/\/www.myes.school\/it\/","logo":{"@type":"ImageObject","inLanguage":"it-IT","@id":"https:\/\/www.myes.school\/it\/#\/schema\/logo\/image\/","url":"https:\/\/www.myes.school\/wp-content\/uploads\/2023\/12\/Logo-MyES-Square.png","contentUrl":"https:\/\/www.myes.school\/wp-content\/uploads\/2023\/12\/Logo-MyES-Square.png","width":1080,"height":1080,"caption":"My English School\u2122"},"image":{"@id":"https:\/\/www.myes.school\/it\/#\/schema\/logo\/image\/"},"sameAs":["https:\/\/www.facebook.com\/MyEnglishSchool"]},{"@type":"Person","@id":"https:\/\/www.myes.school\/it\/#\/schema\/person\/21b0b7bcbfdc00dc37f5e53f4f350448","name":"Teacher","image":{"@type":"ImageObject","inLanguage":"it-IT","@id":"https:\/\/www.myes.school\/it\/#\/schema\/person\/image\/","url":"https:\/\/secure.gravatar.com\/avatar\/662dd81f9a5c257c1af2e1c1c5c24f43f039f8abdc947b3374446ee0684cecc3?s=96&d=mm&r=g","contentUrl":"https:\/\/secure.gravatar.com\/avatar\/662dd81f9a5c257c1af2e1c1c5c24f43f039f8abdc947b3374446ee0684cecc3?s=96&d=mm&r=g","caption":"Teacher"},"url":"https:\/\/www.myes.school\/it\/magazine\/author\/teacher\/"}]}},"_links":{"self":[{"href":"https:\/\/www.myes.school\/it\/wp-json\/wp\/v2\/posts\/177682","targetHints":{"allow":["GET"]}}],"collection":[{"href":"https:\/\/www.myes.school\/it\/wp-json\/wp\/v2\/posts"}],"about":[{"href":"https:\/\/www.myes.school\/it\/wp-json\/wp\/v2\/types\/post"}],"author":[{"embeddable":true,"href":"https:\/\/www.myes.school\/it\/wp-json\/wp\/v2\/users\/28"}],"replies":[{"embeddable":true,"href":"https:\/\/www.myes.school\/it\/wp-json\/wp\/v2\/comments?post=177682"}],"version-history":[{"count":4,"href":"https:\/\/www.myes.school\/it\/wp-json\/wp\/v2\/posts\/177682\/revisions"}],"predecessor-version":[{"id":177693,"href":"https:\/\/www.myes.school\/it\/wp-json\/wp\/v2\/posts\/177682\/revisions\/177693"}],"wp:featuredmedia":[{"embeddable":true,"href":"https:\/\/www.myes.school\/it\/wp-json\/wp\/v2\/media\/177689"}],"wp:attachment":[{"href":"https:\/\/www.myes.school\/it\/wp-json\/wp\/v2\/media?parent=177682"}],"wp:term":[{"taxonomy":"category","embeddable":true,"href":"https:\/\/www.myes.school\/it\/wp-json\/wp\/v2\/categories?post=177682"},{"taxonomy":"post_tag","embeddable":true,"href":"https:\/\/www.myes.school\/it\/wp-json\/wp\/v2\/tags?post=177682"}],"curies":[{"name":"wp","href":"https:\/\/api.w.org\/{rel}","templated":true}]}}