{"id":143737,"date":"2023-01-03T10:51:37","date_gmt":"2023-01-03T09:51:37","guid":{"rendered":"https:\/\/www.myes.school\/?p=143737"},"modified":"2024-01-08T17:35:57","modified_gmt":"2024-01-08T16:35:57","slug":"reste-a-charge-cpf","status":"publish","type":"post","link":"https:\/\/www.myes.school\/fr\/magazine\/cpf\/reste-a-charge-cpf\/","title":{"rendered":"L&#8217;amendement sur le reste \u00e0 charge CPF"},"content":{"rendered":"\t\t<div data-elementor-type=\"wp-post\" data-elementor-id=\"143737\" class=\"elementor elementor-143737\" data-elementor-post-type=\"post\">\n\t\t\t\t\t\t<section class=\"elementor-section elementor-top-section elementor-element elementor-element-1daf633b elementor-section-boxed elementor-section-height-default elementor-section-height-default\" data-id=\"1daf633b\" data-element_type=\"section\" data-settings=\"{&quot;jet_parallax_layout_list&quot;:[]}\">\n\t\t\t\t\t\t<div class=\"elementor-container elementor-column-gap-default\">\n\t\t\t\t\t<div class=\"elementor-column elementor-col-100 elementor-top-column elementor-element elementor-element-20a74b1e\" data-id=\"20a74b1e\" data-element_type=\"column\">\n\t\t\t<div class=\"elementor-widget-wrap elementor-element-populated\">\n\t\t\t\t\t\t<div class=\"elementor-element elementor-element-bdcdb44 elementor-widget elementor-widget-text-editor\" data-id=\"bdcdb44\" data-element_type=\"widget\" data-widget_type=\"text-editor.default\">\n\t\t\t\t<div class=\"elementor-widget-container\">\n\t\t\t\t\t\t\t\t\t<p><strong>Fin d\u00e9cembre 2022, le gouvernement fran\u00e7ais a d\u00e9cid\u00e9 de voter une loi pour instaurer un reste \u00e0 charge pour tous les titulaires du CPF, qui entrera en vigueur en 2023.<\/strong><\/p><p>Quels seront les impacts de cette loi sur les personnes souhaitant se former en suivant une formation professionnelle gr\u00e2ce \u00e0 leur CPF ?<\/p><p>Dans cet article, nous examinons en d\u00e9tails cette loi et ses cons\u00e9quences pour les titulaires du Compte Personnel de Formation et pour les centres de formation.<\/p><h2>Qu\u2019est qui va changer pour les titulaires du CPF ?<\/h2><p>Dans le cadre de cet amendement, les titulaires du CPF devront participer financi\u00e8rement aux frais de formation, m\u00eame si leur compte personnel de formation (CPF) comporte des droits suffisants.\u00a0<\/p><p>Par exemple, si une formation co\u00fbte 1500 euros et que vous disposez de 3000 euros de droits sur votre CPF, vous devrez quand m\u00eame payer une partie de la formation.<\/p><h2>Qui est impact\u00e9 ? Qui est exon\u00e9r\u00e9 ?<\/h2><p>Tous les salari\u00e9s seront impact\u00e9s par ce reste \u00e0 charge du CPF.\u00a0<\/p><p>Il existe toutefois des exon\u00e9rations pour les demandeurs d&#8217;emploi ou les salari\u00e9s suivant une formation dans le cadre d&#8217;un plan de formation en co-construction avec leur employeur.<\/p><h2>Beaucoup d\u2019indignation<\/h2><p>Cette mesure est fortement critiqu\u00e9e car elle rend l&#8217;acc\u00e8s \u00e0 la formation plus difficile pour les personnes \u00e0 bas salaire, limitant ainsi leurs possibilit\u00e9s de changement de vie, de m\u00e9tier, ou d&#8217;\u00e9volution professionnelle.<\/p><p>Chez My English School, nous sommes oppos\u00e9s \u00e0 cette mesure qui va \u00e0 l&#8217;encontre de l&#8217;\u00e9galit\u00e9 des chances et nous ferons tout pour rendre nos formations accessibles \u00e0 tous et \u00e0 toutes.\u00a0<\/p><h2>L\u2019incertitude<\/h2><p>M\u00eame si c\u2019est maintenant inscrit dans la loi, il y a encore quelques pr\u00e9cisions qui vont devoir \u00eatre apport\u00e9s, comme le montant et les modalit\u00e9s de l\u2019application du reste \u00e0 charge, mais pour cela il faudra attendre son d\u00e9cret en Conseil d\u2019Etat, qui va \u00e9galement pr\u00e9ciser les possibilit\u00e9s de prise en charge par l\u2019employeur de cette participation.\u00a0<\/p><h2>N&#8217;attendez plus pour vous formez\u00a0<\/h2><p>Si vous aviez pr\u00e9vu de vous former et d&#8217;utiliser votre CPF. Ne tardez plus et lancez-vous pour \u00eatre s\u00fbr de ne pas avoir de <a href=\"https:\/\/www.myes.school\/fr\/reste-a-charge-CPF\"><span style=\"text-decoration: underline;\">reste \u00e0 charge sur le CPF<\/span><\/a>.<\/p>\t\t\t\t\t\t\t\t<\/div>\n\t\t\t\t<\/div>\n\t\t\t\t\t<\/div>\n\t\t<\/div>\n\t\t\t\t\t<\/div>\n\t\t<\/section>\n\t\t\t\t<section class=\"elementor-section elementor-top-section elementor-element elementor-element-4dd9d00 elementor-section-content-middle elementor-section-boxed elementor-section-height-default elementor-section-height-default\" data-id=\"4dd9d00\" data-element_type=\"section\" id=\"form\" data-settings=\"{&quot;jet_parallax_layout_list&quot;:[]}\">\n\t\t\t\t\t\t<div class=\"elementor-container elementor-column-gap-default\">\n\t\t\t\t\t<div class=\"elementor-column elementor-col-50 elementor-top-column elementor-element elementor-element-72f8d768\" data-id=\"72f8d768\" data-element_type=\"column\">\n\t\t\t<div class=\"elementor-widget-wrap elementor-element-populated\">\n\t\t\t\t\t\t<div class=\"elementor-element elementor-element-22eb4c1 aleft elementor-widget-icon-box wgl-icon-box elementor-view-default elementor-widget elementor-widget-global elementor-global-99052 elementor-widget-wgl-info-box\" data-id=\"22eb4c1\" data-element_type=\"widget\" data-widget_type=\"wgl-info-box.default\">\n\t\t\t\t<div class=\"elementor-widget-container\">\n\t\t\t\t\t<div class=\"wgl-infobox\"><div class=\"wgl-infobox_wrapper wgl-layout-left\"><div class=\"media-wrapper icon-wrapper\"><span class=\"wgl-icon\" ><span class=\"icon elementor-icon\"><svg xmlns=\"http:\/\/www.w3.org\/2000\/svg\" id=\"a\" width=\"20mm\" height=\"20mm\" viewBox=\"0 0 56.69 56.69\"><circle cx=\"28.35\" cy=\"28.35\" r=\"28.35\" style=\"fill:#0f1f3d;\"><\/circle><g><path d=\"M33.02,10.03v13.9h23.33c-.12-.75-.27-1.48-.44-2.21h-8.93l7.21-5.01c-.56-1.23-1.19-2.41-1.91-3.54l-12.31,8.55h-2.58l14.07-9.78c-.47-.66-.97-1.3-1.49-1.92h-16.95Zm2.21,10.51V12.23h11.95l-11.95,8.31Z\" style=\"fill:#fff;\"><\/path><path d=\"M23.69,10.03H6.72c-1,1.18-1.91,2.44-2.71,3.78l11.39,7.91h-2.66L3.27,15.13c-.35,.66-.67,1.33-.97,2.01l6.58,4.57H.79c-.17,.73-.32,1.46-.44,2.21H23.69V10.03Zm-2.21,11.05L8.76,12.23h12.73v8.84Z\" style=\"fill:#fff;\"><\/path><path d=\"M21.49,46.69h2.21v-13.92H.35c.12,.75,.27,1.48,.44,2.21H9.41l-6.98,4.85c.55,1.23,1.18,2.42,1.89,3.56l12.1-8.41h2.63l-13.68,9.51h-.33c.47,.68,.98,1.35,1.51,1.99l.9,.22h14.04Zm0-10.72v8.51H9.24l12.25-8.51Z\" style=\"fill:#fff;\"><\/path><path d=\"M40.98,34.98h2.9l9.53,6.62c.35-.66,.67-1.33,.97-2.01l-6.63-4.61h8.16c.17-.73,.32-1.46,.44-2.21h-23.33v13.92h16.22l.9-.22c.9-1.08,1.72-2.22,2.45-3.42l-11.61-8.07Zm-5.75,9.51v-8.63l12.42,8.63h-12.42Z\" style=\"fill:#fff;\"><\/path><\/g><\/svg><\/span><\/span><\/div><div class=\"content_wrapper\"><div class=\"wgl-infobox-title_wrapper\"><h3 class=\"wgl-infobox_title\"><span class=\"wgl-infobox_title-idle\">UNE M\u00c9THODE UNIQUE EN FRANCE<\/span><\/h3><\/div><div class=\"wgl-infobox_content\"><p>Notre m\u00e9thode bas\u00e9e sur l'oral garantit des r\u00e9sultats d\u2019apprentissage imm\u00e9diats et durables pour tous les niveaux.<\/p><\/div><\/div><\/div><\/div>\t\t\t\t<\/div>\n\t\t\t\t<\/div>\n\t\t\t\t<div class=\"elementor-element elementor-element-3c140f41 aleft elementor-widget-icon-box wgl-icon-box elementor-view-default elementor-widget elementor-widget-global elementor-global-99055 elementor-widget-wgl-info-box\" data-id=\"3c140f41\" data-element_type=\"widget\" data-widget_type=\"wgl-info-box.default\">\n\t\t\t\t<div class=\"elementor-widget-container\">\n\t\t\t\t\t<div class=\"wgl-infobox\"><div class=\"wgl-infobox_wrapper wgl-layout-left\"><div class=\"media-wrapper icon-wrapper\"><span class=\"wgl-icon\" ><span class=\"icon elementor-icon\"><svg xmlns=\"http:\/\/www.w3.org\/2000\/svg\" id=\"a\" width=\"20mm\" height=\"20mm\" viewBox=\"0 0 56.69 56.69\"><path d=\"M28.35,0h0C44,0,56.69,12.69,56.69,28.35s-12.69,28.35-28.35,28.35S0,44,0,28.35,12.69,0,28.35,0\" style=\"fill:#0f1f3d;\"><\/path><path d=\"M46.55,20.48c-1.09-.67-2.39-.95-3.69-.81l-.39-.34c-3.31-2.96-8.62-4.61-14.59-4.53-5.77,.07-10.93,1.78-13.81,4.57l-.29,.29c-1.28-.11-2.57,.17-3.63,.82-1.13,.7-1.68,1.81-1.53,3.14,.16,1.45,.99,2.45,2.32,2.8,.18,.05,.36,.08,.55,.11,0,.3,0,.6,.03,.91l.12,1.27c.27,2.84,.55,5.77,.9,8.66,.09,.72,.43,2.21,1.77,2.66l.11,1.87h5.02v-1.71h17.75l.12,1.73h4.84l.13-1.93c1.04-.37,1.55-.88,1.84-2.43,.37-2,.66-4.13,.88-6.34,.13-1.3,.17-2.62,.21-3.89,0-.26,.02-.51,.03-.77,.1-.01,.19-.03,.29-.06,1.43-.33,2.33-1.3,2.53-2.73,.2-1.41-.32-2.54-1.5-3.27Zm-20.22-3.44c.25-.02,.5-.03,.75-.05,.26,0,.53-.02,.8-.02,.66-.01,1.31,.01,1.95,.05,4.28,.22,8.11,1.35,10.98,3.23-1.12,.54-2.02,1.41-2.55,2.49-.49,.99-.87,2.18-1.16,3.63-.17,.82-.24,1.65-.3,2.46-2.13-.49-4.24-.4-6.29-.32-.72,.03-1.47,.06-2.19,.06-.72,0-1.43-.03-2.19-.06-2.03-.09-4.11-.18-6.21,.39-.02-.35-.06-.7-.13-1.06-.07-.33-.14-.66-.21-.99-.27-1.35-.56-2.74-1.14-4.05-.5-1.13-1.44-2.04-2.62-2.59,2.49-1.65,5.92-2.75,9.75-3.09,.25-.03,.51-.05,.77-.06Zm19.55,6.4c-.07,.53-.31,.77-.86,.9-.16,.04-.35,.05-.57,.07-.13,.01-.26,.02-.4,.04l-.93,.1-.04,.93c-.03,.58-.05,1.16-.06,1.74-.04,1.3-.08,2.52-.2,3.75-.21,2.15-.49,4.22-.85,6.16-.1,.53-.17,.66-.17,.67-.1,.08-.59,.21-.83,.27l-.76,.2-.1,1.43h-.76l-.12-1.73H17.25v1.71h-.77l-.11-1.81-1.1,.08c-.27,.02-.45,.03-.56-.86-.34-2.86-.62-5.78-.89-8.61l-.12-1.27c-.03-.33-.02-.69-.01-1.06,0-.19,0-.39,0-.58v-.93l-.92-.15c-.19-.03-.36-.05-.53-.08-.3-.04-.54-.07-.74-.13-.38-.1-.63-.29-.7-.92-.06-.5,.08-.78,.5-1.03,.89-.55,2.06-.67,3.12-.34,.95,.29,1.67,.89,2.02,1.69,.48,1.08,.73,2.3,.99,3.59,.07,.34,.14,.68,.21,1.02,.09,.39,.09,.83,.11,1.34,0,.26,.01,.54,.03,.82l.09,1.55,1.43-.6c2.16-.91,4.38-.82,6.74-.72,.75,.03,1.52,.07,2.28,.06,.76,0,1.53-.03,2.27-.06,2.38-.1,4.62-.19,6.82,.59l1.31,.46,.14-1.39c.04-.4,.07-.79,.1-1.17,.06-.84,.12-1.62,.27-2.37,.26-1.26,.58-2.28,.98-3.1,.4-.82,1.19-1.45,2.16-1.73,1.05-.3,2.15-.17,3.02,.37,.37,.23,.57,.48,.48,1.11Z\" style=\"fill:#fff;\"><\/path><\/svg><\/span><\/span><\/div><div class=\"content_wrapper\"><div class=\"wgl-infobox-title_wrapper\"><h3 class=\"wgl-infobox_title\"><span class=\"wgl-infobox_title-idle\">UNE AMBIANCE D\u00c9CONTRACT\u00c9E<\/span><\/h3><\/div><div class=\"wgl-infobox_content\"><p>Vous prenez plaisir \u00e0 apprendre l'anglais sans vous en rendre compte dans une ambiance d\u00e9contract\u00e9e\u00a0<\/p><\/div><\/div><\/div><\/div>\t\t\t\t<\/div>\n\t\t\t\t<\/div>\n\t\t\t\t<div class=\"elementor-element elementor-element-2bddc835 aleft elementor-widget-icon-box wgl-icon-box elementor-view-default elementor-widget elementor-widget-global elementor-global-99058 elementor-widget-wgl-info-box\" data-id=\"2bddc835\" data-element_type=\"widget\" data-widget_type=\"wgl-info-box.default\">\n\t\t\t\t<div class=\"elementor-widget-container\">\n\t\t\t\t\t<div class=\"wgl-infobox\"><div class=\"wgl-infobox_wrapper wgl-layout-left\"><div class=\"media-wrapper icon-wrapper\"><span class=\"wgl-icon\" ><span class=\"icon elementor-icon\"><svg xmlns=\"http:\/\/www.w3.org\/2000\/svg\" id=\"a\" width=\"20mm\" height=\"20mm\" viewBox=\"0 0 56.69 56.69\"><path d=\"M28.35,0h0C44,0,56.69,12.69,56.69,28.35s-12.69,28.35-28.35,28.35S0,44,0,28.35,12.69,0,28.35,0\" style=\"fill:#0f1f3d;\"><\/path><g><path d=\"M28.29,9.61c-10.22,0-18.54,8.31-18.54,18.54s8.31,18.53,18.54,18.53,18.54-8.31,18.54-18.53S38.51,9.61,28.29,9.61Zm1.11,34.81v-3.68c0-.61-.49-1.1-1.1-1.1s-1.1,.49-1.1,1.1v3.68c-8.13-.54-14.63-7.05-15.18-15.17h3.59c.61,0,1.1-.49,1.1-1.1s-.49-1.1-1.1-1.1h-3.59c.55-8.12,7.05-14.63,15.17-15.17v3.68c0,.61,.49,1.1,1.1,1.1s1.1-.49,1.1-1.1v-3.68c8.13,.55,14.63,7.05,15.18,15.17h-3.78c-.61,0-1.1,.49-1.1,1.1s.49,1.1,1.1,1.1h3.78c-.55,8.12-7.05,14.62-15.17,15.17Z\" style=\"fill:#fff;\"><\/path><polygon points=\"28.31 28.28 23.23 23.47 21.71 25.07 28.36 31.35 38.11 21.6 36.55 20.04 28.31 28.28\" style=\"fill:#fff;\"><\/polygon><\/g><\/svg><\/span><\/span><\/div><div class=\"content_wrapper\"><div class=\"wgl-infobox-title_wrapper\"><h3 class=\"wgl-infobox_title\"><span class=\"wgl-infobox_title-idle\">DES FORMULES SUR-MESURE<\/span><\/h3><\/div><div class=\"wgl-infobox_content\"><p>Des formules qui s'adaptent \u00e0 votre niveau, votre objectif et votre budget avec un accompagnement personnalis\u00e9.<\/p><\/div><\/div><\/div><\/div>\t\t\t\t<\/div>\n\t\t\t\t<\/div>\n\t\t\t\t\t<\/div>\n\t\t<\/div>\n\t\t\t\t<div class=\"elementor-column elementor-col-50 elementor-top-column elementor-element elementor-element-51f8be87\" data-id=\"51f8be87\" data-element_type=\"column\" id=\"contatti\" data-settings=\"{&quot;background_background&quot;:&quot;classic&quot;}\">\n\t\t\t<div class=\"elementor-widget-wrap elementor-element-populated\">\n\t\t\t\t\t\t<div class=\"elementor-element elementor-element-6329b226 acenter elementor-widget elementor-widget-wgl-double-headings\" data-id=\"6329b226\" data-element_type=\"widget\" data-widget_type=\"wgl-double-headings.default\">\n\t\t\t\t<div class=\"elementor-widget-container\">\n\t\t\t\t\t<div class=\"wgl-double_heading\"><div class=\"dbl__title-wrapper\"><span class=\"dbl__title dbl-title_1\">NOUS CONTACTER<\/span><\/div><\/div>\t\t\t\t<\/div>\n\t\t\t\t<\/div>\n\t\t\t\t<div class=\"elementor-element elementor-element-2d152777 elementor-widget elementor-widget-global elementor-global-98497 elementor-global-6565 elementor-widget-text-editor\" data-id=\"2d152777\" data-element_type=\"widget\" data-widget_type=\"text-editor.default\">\n\t\t\t\t<div class=\"elementor-widget-container\">\n\t\t\t\t\t\t\t\t\t<p><span>Vous souhaitez recevoir de plus amples informations ou \u00eatre conseill\u00e9(e) ? Remplissez ce formulaire et nous vous r\u00e9pondrons dans les plus brefs d\u00e9lais.<\/span><\/p>\t\t\t\t\t\t\t\t<\/div>\n\t\t\t\t<\/div>\n\t\t\t\t<div class=\"elementor-element elementor-element-46325c4d elementor-widget elementor-widget-spacer\" data-id=\"46325c4d\" data-element_type=\"widget\" data-widget_type=\"spacer.default\">\n\t\t\t\t<div class=\"elementor-widget-container\">\n\t\t\t\t\t\t\t<div class=\"elementor-spacer\">\n\t\t\t<div class=\"elementor-spacer-inner\"><\/div>\n\t\t<\/div>\n\t\t\t\t\t\t<\/div>\n\t\t\t\t<\/div>\n\t\t\t\t<div class=\"elementor-element elementor-element-34fd32db elementor-widget elementor-widget-shortcode\" data-id=\"34fd32db\" data-element_type=\"widget\" data-widget_type=\"shortcode.default\">\n\t\t\t\t<div class=\"elementor-widget-container\">\n\t\t\t\t\t\t\t<div class=\"elementor-shortcode\"><form class=\"new-website-custom-form\" action=\"\/wp-content\/themes\/unicoach-child\/submits\/generic_form_fr_submit.php\" method=\"post\" id=\"contactForm_inpage\"><div class=\"row\"><input class=\"\/fr\/wp-json\/wp\/v2\/posts\/143737\" type=\"hidden\" name=\"testtest\" value=\"055f53417d\" required><input type=\"hidden\" name=\"form_page\" value=\"143737\" required><input type=\"hidden\" name=\"form_page_title\" value=\"L&#8217;amendement sur le reste \u00e0 charge CPF\" required><input type=\"hidden\" name=\"page_uq\" value=\"873cfbb2-bb14-45d3-ac72-4ca09b370e94\" required><input type=\"hidden\" id=\"referral\" name=\"referral\" value=\"\"><input type=\"hidden\" name=\"lang\" value=\"fr\"><input type=\"hidden\" name=\"thx_page\" value=\"\"><div class=\"wgl_col-12\"><input class=\"w-100\" type=\"text\" name=\"name\" placeholder=\"Pr\u00e9nom\" required maxlength=\"50\"><\/div><div class=\"wgl_col-12\"><input class=\"w-100\" type=\"text\" name=\"surname\" placeholder=\"Nom\" required maxlength=\"50\"><\/div><div class=\"wgl_col-12\"><input class=\"w-100\" type=\"email\" name=\"email\" placeholder=\"Email\" required><\/div><div class=\"wgl_col-12\"><input class=\"w-100\" type=\"tel\" pattern=\"^[0-9 +()-]{6,15}$\" name=\"phone\" placeholder=\"T\u00e9l\u00e9phone\" required><\/div><div class=\"wgl_col-12 new-custom-select-foo-fr\"><select name=\"school_type\" required><option value=\"\">Choisissez le type de formation<\/option><option value=\"1\">En centre<\/option><option value=\"2\">\u00c0 distance<\/option><option value=\"3\">En entreprise<\/option><\/select><\/div><div class=\"wgl_col-12 new-custom-select-bar-fr d-none\"><select name=\"school\" required><option value=\"\" selected>Choisissez une ville<\/option><option value=\"150\">Bordeaux<\/option><option value=\"126\">Merignac<\/option><option value=\"115\">Dijon<\/option><option value=\"138\">Grenoble<\/option><option value=\"49\">Lyon 3 Prefecture<\/option><option value=\"131\">Lyon 9 Gorge De Loup<\/option><option value=\"139\">Bron<\/option><option value=\"149\">Montpellier<\/option><option value=\"153\">Nice<\/option><option value=\"148\">Paris 9 Op\u00e9ra<\/option><option value=\"132\">Autre ville<\/option><\/select><\/div><div class=\"wgl_col-12 new-form-control-bar-fr d-none\"><input class=\"w-100\" type=\"text\" pattern=\"[0-9]{5,10}\" name=\"zipcode\" placeholder=\"Code Postal\" ><\/div><input type=\"hidden\" id=\"gclid_field\" name=\"gclid_field\" value=\"\"><input type=\"hidden\" name=\"recaptcha_response\" class=\"recaptchaResponse\"><div class=\"wgl_col-12 privacy-form\"><label><input class=\"general-form-privacy\" type=\"checkbox\" name=\"privacy\" required>Ayant plus de 16 ans, je d\u00e9clare avoir \u00e9t\u00e9 inform\u00e9 et je consens au traitement de mes donn\u00e9es personnelles conform\u00e9ment \u00e0 <a target=\"_blank\" href=\"https:\/\/www.myes.school\/wp-content\/uploads\/2023\/07\/MyBRAND-FR.pdf\" target=\"_blank\">la politique de confidentialit\u00e9<\/a>.<\/label><\/div><div class=\"wgl_col-12 privacy-form privacy_optional\"><label><input class=\"general-form-privacy-optional\" type=\"checkbox\" name=\"privacy_optional\">J\u2019accepte de recevoir des communications commerciales et promotionnelles relatives aux produits et services de la marque MyES<\/label><\/div><div class=\"wgl_col-12\"><button class=\"general-form-cta g-recaptcha\" data-sitekey=\"6LfzUQohAAAAAHsCskqqOk4lXySy5vePxpFbgi6q\" data-callback=\"onSubmit\">Envoyer<\/button><\/div><\/div><script type=\"text\/javascript\">var __ss_noform = __ss_noform || [];__ss_noform.push(['baseURI', 'https:\/\/app-3QNDKEDZ0Y.marketingautomation.services\/webforms\/receivePostback\/MzawMDEzMzS2BAA\/']);__ss_noform.push(['endpoint', '873cfbb2-bb14-45d3-ac72-4ca09b370e94']);<\/script><script type=\"text\/javascript\" src=\"https:\/\/koi-3QNDKEDZ0Y.marketingautomation.services\/client\/noform.js?ver=1.24\" ><\/script><\/form><\/div>\n\t\t\t\t\t\t<\/div>\n\t\t\t\t<\/div>\n\t\t\t\t\t<\/div>\n\t\t<\/div>\n\t\t\t\t\t<\/div>\n\t\t<\/section>\n\t\t\t\t<\/div>\n\t\t","protected":false},"excerpt":{"rendered":"<p>Fin d\u00e9cembre 2022, le gouvernement fran\u00e7ais a d\u00e9cid\u00e9 de voter une loi pour instaurer un reste \u00e0 charge pour tous les titulaires du CPF, qui entrera en vigueur en 2023. Quels seront les impacts de cette loi sur les personnes souhaitant se former en suivant une formation professionnelle gr\u00e2ce \u00e0 leur CPF ? Dans cet [&hellip;]<\/p>\n","protected":false},"author":27,"featured_media":143738,"comment_status":"open","ping_status":"open","sticky":false,"template":"","format":"standard","meta":{"_acf_changed":false,"footnotes":""},"categories":[7275,5836],"tags":[],"class_list":["post-143737","post","type-post","status-publish","format-standard","has-post-thumbnail","hentry","category-cpf","category-professionnel"],"acf":[],"yoast_head":"<!-- This site is optimized with the Yoast SEO Premium plugin v26.4 (Yoast SEO v26.4) - https:\/\/yoast.com\/wordpress\/plugins\/seo\/ -->\n<title>L&#039;amendement sur le reste \u00e0 charge CPF - My English School\u2122<\/title>\n<meta name=\"description\" content=\"Dans cet article, nous examinons en d\u00e9tails cette loi et ses cons\u00e9quences pour les titulaires du CPF et pour les centres de formation.\" \/>\n<meta name=\"robots\" content=\"index, follow, max-snippet:-1, max-image-preview:large, max-video-preview:-1\" \/>\n<meta property=\"og:locale\" content=\"fr_FR\" \/>\n<meta property=\"og:type\" content=\"article\" \/>\n<meta property=\"og:title\" content=\"L&#039;amendement sur le reste \u00e0 charge CPF\" \/>\n<meta property=\"og:description\" content=\"Dans cet article, nous examinons en d\u00e9tails cette loi et ses cons\u00e9quences pour les titulaires du CPF et pour les centres de formation.\" \/>\n<meta property=\"og:url\" content=\"https:\/\/www.myes.school\/fr\/magazine\/cpf\/reste-a-charge-cpf\/\" \/>\n<meta property=\"og:site_name\" content=\"My English School\u2122\" \/>\n<meta property=\"article:publisher\" content=\"https:\/\/www.facebook.com\/MyEnglishSchool\" \/>\n<meta property=\"article:published_time\" content=\"2023-01-03T09:51:37+00:00\" \/>\n<meta property=\"article:modified_time\" content=\"2024-01-08T16:35:57+00:00\" \/>\n<meta property=\"og:image\" content=\"https:\/\/www.myes.school\/wp-content\/uploads\/2023\/01\/people-ga00f23ccc_640.jpg\" \/>\n\t<meta property=\"og:image:width\" content=\"640\" \/>\n\t<meta property=\"og:image:height\" content=\"427\" \/>\n\t<meta property=\"og:image:type\" content=\"image\/jpeg\" \/>\n<meta name=\"author\" content=\"marketing\" \/>\n<meta name=\"twitter:card\" content=\"summary_large_image\" \/>\n<meta name=\"twitter:label1\" content=\"\u00c9crit par\" \/>\n\t<meta name=\"twitter:data1\" content=\"marketing\" \/>\n\t<meta name=\"twitter:label2\" content=\"Dur\u00e9e de lecture estim\u00e9e\" \/>\n\t<meta name=\"twitter:data2\" content=\"2 minutes\" \/>\n<script type=\"application\/ld+json\" class=\"yoast-schema-graph\">{\"@context\":\"https:\/\/schema.org\",\"@graph\":[{\"@type\":\"Article\",\"@id\":\"https:\/\/www.myes.school\/fr\/magazine\/cpf\/reste-a-charge-cpf\/#article\",\"isPartOf\":{\"@id\":\"https:\/\/www.myes.school\/fr\/magazine\/cpf\/reste-a-charge-cpf\/\"},\"author\":{\"name\":\"marketing\",\"@id\":\"https:\/\/www.myes.school\/fr\/#\/schema\/person\/e90e42ccab8adef2b981320d32e19bae\"},\"headline\":\"L&#8217;amendement sur le reste \u00e0 charge CPF\",\"datePublished\":\"2023-01-03T09:51:37+00:00\",\"dateModified\":\"2024-01-08T16:35:57+00:00\",\"mainEntityOfPage\":{\"@id\":\"https:\/\/www.myes.school\/fr\/magazine\/cpf\/reste-a-charge-cpf\/\"},\"wordCount\":476,\"commentCount\":0,\"publisher\":{\"@id\":\"https:\/\/www.myes.school\/fr\/#organization\"},\"image\":{\"@id\":\"https:\/\/www.myes.school\/fr\/magazine\/cpf\/reste-a-charge-cpf\/#primaryimage\"},\"thumbnailUrl\":\"https:\/\/www.myes.school\/wp-content\/uploads\/2023\/01\/people-ga00f23ccc_640.jpg\",\"articleSection\":[\"CPF\",\"PROFESSIONNEL\"],\"inLanguage\":\"fr-FR\",\"potentialAction\":[{\"@type\":\"CommentAction\",\"name\":\"Comment\",\"target\":[\"https:\/\/www.myes.school\/fr\/magazine\/cpf\/reste-a-charge-cpf\/#respond\"]}]},{\"@type\":\"WebPage\",\"@id\":\"https:\/\/www.myes.school\/fr\/magazine\/cpf\/reste-a-charge-cpf\/\",\"url\":\"https:\/\/www.myes.school\/fr\/magazine\/cpf\/reste-a-charge-cpf\/\",\"name\":\"L'amendement sur le reste \u00e0 charge CPF - My English School\u2122\",\"isPartOf\":{\"@id\":\"https:\/\/www.myes.school\/fr\/#website\"},\"primaryImageOfPage\":{\"@id\":\"https:\/\/www.myes.school\/fr\/magazine\/cpf\/reste-a-charge-cpf\/#primaryimage\"},\"image\":{\"@id\":\"https:\/\/www.myes.school\/fr\/magazine\/cpf\/reste-a-charge-cpf\/#primaryimage\"},\"thumbnailUrl\":\"https:\/\/www.myes.school\/wp-content\/uploads\/2023\/01\/people-ga00f23ccc_640.jpg\",\"datePublished\":\"2023-01-03T09:51:37+00:00\",\"dateModified\":\"2024-01-08T16:35:57+00:00\",\"description\":\"Dans cet article, nous examinons en d\u00e9tails cette loi et ses cons\u00e9quences pour les titulaires du CPF et pour les centres de formation.\",\"breadcrumb\":{\"@id\":\"https:\/\/www.myes.school\/fr\/magazine\/cpf\/reste-a-charge-cpf\/#breadcrumb\"},\"inLanguage\":\"fr-FR\",\"potentialAction\":[{\"@type\":\"ReadAction\",\"target\":[\"https:\/\/www.myes.school\/fr\/magazine\/cpf\/reste-a-charge-cpf\/\"]}]},{\"@type\":\"ImageObject\",\"inLanguage\":\"fr-FR\",\"@id\":\"https:\/\/www.myes.school\/fr\/magazine\/cpf\/reste-a-charge-cpf\/#primaryimage\",\"url\":\"https:\/\/www.myes.school\/wp-content\/uploads\/2023\/01\/people-ga00f23ccc_640.jpg\",\"contentUrl\":\"https:\/\/www.myes.school\/wp-content\/uploads\/2023\/01\/people-ga00f23ccc_640.jpg\",\"width\":640,\"height\":427,\"caption\":\"myes my english school cpf\"},{\"@type\":\"BreadcrumbList\",\"@id\":\"https:\/\/www.myes.school\/fr\/magazine\/cpf\/reste-a-charge-cpf\/#breadcrumb\",\"itemListElement\":[{\"@type\":\"ListItem\",\"position\":1,\"name\":\"Home\",\"item\":\"https:\/\/www.myes.school\/fr\/\"},{\"@type\":\"ListItem\",\"position\":2,\"name\":\"L&#8217;amendement sur le reste \u00e0 charge CPF\"}]},{\"@type\":\"WebSite\",\"@id\":\"https:\/\/www.myes.school\/fr\/#website\",\"url\":\"https:\/\/www.myes.school\/fr\/\",\"name\":\"My English School\u2122\",\"description\":\"\",\"publisher\":{\"@id\":\"https:\/\/www.myes.school\/fr\/#organization\"},\"potentialAction\":[{\"@type\":\"SearchAction\",\"target\":{\"@type\":\"EntryPoint\",\"urlTemplate\":\"https:\/\/www.myes.school\/fr\/?s={search_term_string}\"},\"query-input\":{\"@type\":\"PropertyValueSpecification\",\"valueRequired\":true,\"valueName\":\"search_term_string\"}}],\"inLanguage\":\"fr-FR\"},{\"@type\":\"Organization\",\"@id\":\"https:\/\/www.myes.school\/fr\/#organization\",\"name\":\"My English School\u2122\",\"url\":\"https:\/\/www.myes.school\/fr\/\",\"logo\":{\"@type\":\"ImageObject\",\"inLanguage\":\"fr-FR\",\"@id\":\"https:\/\/www.myes.school\/fr\/#\/schema\/logo\/image\/\",\"url\":\"https:\/\/www.myes.school\/wp-content\/uploads\/2023\/12\/Logo-MyES-Square.png\",\"contentUrl\":\"https:\/\/www.myes.school\/wp-content\/uploads\/2023\/12\/Logo-MyES-Square.png\",\"width\":1080,\"height\":1080,\"caption\":\"My English School\u2122\"},\"image\":{\"@id\":\"https:\/\/www.myes.school\/fr\/#\/schema\/logo\/image\/\"},\"sameAs\":[\"https:\/\/www.facebook.com\/MyEnglishSchool\"]},{\"@type\":\"Person\",\"@id\":\"https:\/\/www.myes.school\/fr\/#\/schema\/person\/e90e42ccab8adef2b981320d32e19bae\",\"name\":\"marketing\",\"image\":{\"@type\":\"ImageObject\",\"inLanguage\":\"fr-FR\",\"@id\":\"https:\/\/www.myes.school\/fr\/#\/schema\/person\/image\/\",\"url\":\"https:\/\/secure.gravatar.com\/avatar\/55d26721d1c3701eeb5137d91190536b57665509ce798c5ff9073237e6aca8a7?s=96&d=mm&r=g\",\"contentUrl\":\"https:\/\/secure.gravatar.com\/avatar\/55d26721d1c3701eeb5137d91190536b57665509ce798c5ff9073237e6aca8a7?s=96&d=mm&r=g\",\"caption\":\"marketing\"},\"url\":\"https:\/\/www.myes.school\/fr\/magazine\/author\/marketing\/\"}]}<\/script>\n<!-- \/ Yoast SEO Premium plugin. -->","yoast_head_json":{"title":"L'amendement sur le reste \u00e0 charge CPF - My English School\u2122","description":"Dans cet article, nous examinons en d\u00e9tails cette loi et ses cons\u00e9quences pour les titulaires du CPF et pour les centres de formation.","robots":{"index":"index","follow":"follow","max-snippet":"max-snippet:-1","max-image-preview":"max-image-preview:large","max-video-preview":"max-video-preview:-1"},"og_locale":"fr_FR","og_type":"article","og_title":"L'amendement sur le reste \u00e0 charge CPF","og_description":"Dans cet article, nous examinons en d\u00e9tails cette loi et ses cons\u00e9quences pour les titulaires du CPF et pour les centres de formation.","og_url":"https:\/\/www.myes.school\/fr\/magazine\/cpf\/reste-a-charge-cpf\/","og_site_name":"My English School\u2122","article_publisher":"https:\/\/www.facebook.com\/MyEnglishSchool","article_published_time":"2023-01-03T09:51:37+00:00","article_modified_time":"2024-01-08T16:35:57+00:00","og_image":[{"width":640,"height":427,"url":"https:\/\/www.myes.school\/wp-content\/uploads\/2023\/01\/people-ga00f23ccc_640.jpg","type":"image\/jpeg"}],"author":"marketing","twitter_card":"summary_large_image","twitter_misc":{"\u00c9crit par":"marketing","Dur\u00e9e de lecture estim\u00e9e":"2 minutes"},"schema":{"@context":"https:\/\/schema.org","@graph":[{"@type":"Article","@id":"https:\/\/www.myes.school\/fr\/magazine\/cpf\/reste-a-charge-cpf\/#article","isPartOf":{"@id":"https:\/\/www.myes.school\/fr\/magazine\/cpf\/reste-a-charge-cpf\/"},"author":{"name":"marketing","@id":"https:\/\/www.myes.school\/fr\/#\/schema\/person\/e90e42ccab8adef2b981320d32e19bae"},"headline":"L&#8217;amendement sur le reste \u00e0 charge CPF","datePublished":"2023-01-03T09:51:37+00:00","dateModified":"2024-01-08T16:35:57+00:00","mainEntityOfPage":{"@id":"https:\/\/www.myes.school\/fr\/magazine\/cpf\/reste-a-charge-cpf\/"},"wordCount":476,"commentCount":0,"publisher":{"@id":"https:\/\/www.myes.school\/fr\/#organization"},"image":{"@id":"https:\/\/www.myes.school\/fr\/magazine\/cpf\/reste-a-charge-cpf\/#primaryimage"},"thumbnailUrl":"https:\/\/www.myes.school\/wp-content\/uploads\/2023\/01\/people-ga00f23ccc_640.jpg","articleSection":["CPF","PROFESSIONNEL"],"inLanguage":"fr-FR","potentialAction":[{"@type":"CommentAction","name":"Comment","target":["https:\/\/www.myes.school\/fr\/magazine\/cpf\/reste-a-charge-cpf\/#respond"]}]},{"@type":"WebPage","@id":"https:\/\/www.myes.school\/fr\/magazine\/cpf\/reste-a-charge-cpf\/","url":"https:\/\/www.myes.school\/fr\/magazine\/cpf\/reste-a-charge-cpf\/","name":"L'amendement sur le reste \u00e0 charge CPF - My English School\u2122","isPartOf":{"@id":"https:\/\/www.myes.school\/fr\/#website"},"primaryImageOfPage":{"@id":"https:\/\/www.myes.school\/fr\/magazine\/cpf\/reste-a-charge-cpf\/#primaryimage"},"image":{"@id":"https:\/\/www.myes.school\/fr\/magazine\/cpf\/reste-a-charge-cpf\/#primaryimage"},"thumbnailUrl":"https:\/\/www.myes.school\/wp-content\/uploads\/2023\/01\/people-ga00f23ccc_640.jpg","datePublished":"2023-01-03T09:51:37+00:00","dateModified":"2024-01-08T16:35:57+00:00","description":"Dans cet article, nous examinons en d\u00e9tails cette loi et ses cons\u00e9quences pour les titulaires du CPF et pour les centres de formation.","breadcrumb":{"@id":"https:\/\/www.myes.school\/fr\/magazine\/cpf\/reste-a-charge-cpf\/#breadcrumb"},"inLanguage":"fr-FR","potentialAction":[{"@type":"ReadAction","target":["https:\/\/www.myes.school\/fr\/magazine\/cpf\/reste-a-charge-cpf\/"]}]},{"@type":"ImageObject","inLanguage":"fr-FR","@id":"https:\/\/www.myes.school\/fr\/magazine\/cpf\/reste-a-charge-cpf\/#primaryimage","url":"https:\/\/www.myes.school\/wp-content\/uploads\/2023\/01\/people-ga00f23ccc_640.jpg","contentUrl":"https:\/\/www.myes.school\/wp-content\/uploads\/2023\/01\/people-ga00f23ccc_640.jpg","width":640,"height":427,"caption":"myes my english school cpf"},{"@type":"BreadcrumbList","@id":"https:\/\/www.myes.school\/fr\/magazine\/cpf\/reste-a-charge-cpf\/#breadcrumb","itemListElement":[{"@type":"ListItem","position":1,"name":"Home","item":"https:\/\/www.myes.school\/fr\/"},{"@type":"ListItem","position":2,"name":"L&#8217;amendement sur le reste \u00e0 charge CPF"}]},{"@type":"WebSite","@id":"https:\/\/www.myes.school\/fr\/#website","url":"https:\/\/www.myes.school\/fr\/","name":"My English School\u2122","description":"","publisher":{"@id":"https:\/\/www.myes.school\/fr\/#organization"},"potentialAction":[{"@type":"SearchAction","target":{"@type":"EntryPoint","urlTemplate":"https:\/\/www.myes.school\/fr\/?s={search_term_string}"},"query-input":{"@type":"PropertyValueSpecification","valueRequired":true,"valueName":"search_term_string"}}],"inLanguage":"fr-FR"},{"@type":"Organization","@id":"https:\/\/www.myes.school\/fr\/#organization","name":"My English School\u2122","url":"https:\/\/www.myes.school\/fr\/","logo":{"@type":"ImageObject","inLanguage":"fr-FR","@id":"https:\/\/www.myes.school\/fr\/#\/schema\/logo\/image\/","url":"https:\/\/www.myes.school\/wp-content\/uploads\/2023\/12\/Logo-MyES-Square.png","contentUrl":"https:\/\/www.myes.school\/wp-content\/uploads\/2023\/12\/Logo-MyES-Square.png","width":1080,"height":1080,"caption":"My English School\u2122"},"image":{"@id":"https:\/\/www.myes.school\/fr\/#\/schema\/logo\/image\/"},"sameAs":["https:\/\/www.facebook.com\/MyEnglishSchool"]},{"@type":"Person","@id":"https:\/\/www.myes.school\/fr\/#\/schema\/person\/e90e42ccab8adef2b981320d32e19bae","name":"marketing","image":{"@type":"ImageObject","inLanguage":"fr-FR","@id":"https:\/\/www.myes.school\/fr\/#\/schema\/person\/image\/","url":"https:\/\/secure.gravatar.com\/avatar\/55d26721d1c3701eeb5137d91190536b57665509ce798c5ff9073237e6aca8a7?s=96&d=mm&r=g","contentUrl":"https:\/\/secure.gravatar.com\/avatar\/55d26721d1c3701eeb5137d91190536b57665509ce798c5ff9073237e6aca8a7?s=96&d=mm&r=g","caption":"marketing"},"url":"https:\/\/www.myes.school\/fr\/magazine\/author\/marketing\/"}]}},"_links":{"self":[{"href":"https:\/\/www.myes.school\/fr\/wp-json\/wp\/v2\/posts\/143737","targetHints":{"allow":["GET"]}}],"collection":[{"href":"https:\/\/www.myes.school\/fr\/wp-json\/wp\/v2\/posts"}],"about":[{"href":"https:\/\/www.myes.school\/fr\/wp-json\/wp\/v2\/types\/post"}],"author":[{"embeddable":true,"href":"https:\/\/www.myes.school\/fr\/wp-json\/wp\/v2\/users\/27"}],"replies":[{"embeddable":true,"href":"https:\/\/www.myes.school\/fr\/wp-json\/wp\/v2\/comments?post=143737"}],"version-history":[{"count":26,"href":"https:\/\/www.myes.school\/fr\/wp-json\/wp\/v2\/posts\/143737\/revisions"}],"predecessor-version":[{"id":167455,"href":"https:\/\/www.myes.school\/fr\/wp-json\/wp\/v2\/posts\/143737\/revisions\/167455"}],"wp:featuredmedia":[{"embeddable":true,"href":"https:\/\/www.myes.school\/fr\/wp-json\/wp\/v2\/media\/143738"}],"wp:attachment":[{"href":"https:\/\/www.myes.school\/fr\/wp-json\/wp\/v2\/media?parent=143737"}],"wp:term":[{"taxonomy":"category","embeddable":true,"href":"https:\/\/www.myes.school\/fr\/wp-json\/wp\/v2\/categories?post=143737"},{"taxonomy":"post_tag","embeddable":true,"href":"https:\/\/www.myes.school\/fr\/wp-json\/wp\/v2\/tags?post=143737"}],"curies":[{"name":"wp","href":"https:\/\/api.w.org\/{rel}","templated":true}]}}